{"id":50651,"date":"2019-03-24T19:37:39","date_gmt":"2019-03-24T19:37:39","guid":{"rendered":"https:\/\/colimdo.org\/?p=50651"},"modified":"2019-03-24T19:37:48","modified_gmt":"2019-03-24T19:37:48","slug":"fedogim-reune-los-mejores-talentos-campamento-panam-2022","status":"publish","type":"post","link":"https:\/\/colimdo.org\/noticias\/fedogim-reune-los-mejores-talentos-campamento-panam-2022\/","title":{"rendered":"Fedogim re\u00fane a los mejores talentos en campamento Panam 2022"},"content":{"rendered":"<p><strong>SANTO DOMINGO.<\/strong><span style=\"font-style: inherit; font-weight: inherit;\">\u00a0Con un total de 52 infantes, la Federaci\u00f3n Dominicana de Gimnasia (Fedogim) llev\u00f3 a cabo el primer campamento del proyecto Panam 2022 en el Pabell\u00f3n de esa disciplina en el Parque del Este.<\/span><\/p>\n<p>El campamento, que cont\u00f3 con la participaci\u00f3n de las mejores gimnastas del pa\u00eds, es el primero del proyecto Panam 2022 que tiene como \u00fanico prop\u00f3sito impulsar la gimnasia femenina y escalar a los puestos cimeros a nivel de Centroam\u00e9rica y el Caribe.<\/p>\n<p>El ingeniero Edwin Rodr\u00edguez, presidente de la Federaci\u00f3n Dominicana de Gimnasia (Fedogim), junto a los dem\u00e1s miembros del comit\u00e9 ejecutivo, explic\u00f3 a las atletas y a los padres las metas para lograr los objetivos planteados.<\/p>\n<p>\u201cEste proyecto tendr\u00e1 un seguimiento directo y el cuerpo t\u00e9cnico estar\u00e1 al frente monitoreando el progreso de cada una de las ni\u00f1as\u201d, agreg\u00f3 Rodr\u00edguez. \u201cHemos dado el primer y vamos a llegar a feliz t\u00e9rmino\u201d, dijo.<\/p>\n<p>El presidente de la Fedogim explic\u00f3 que se hizo una selecci\u00f3n de las atletas m\u00e1s avanzadas de los clubes y asociaciones de gimnasia del pa\u00eds y que a cada una se le dar\u00e1 el seguimiento de preparaci\u00f3n.<\/p>\n<p>Indic\u00f3 que para el mes de mayo ser\u00e1 la primera competencia entre todas las atletas, y que en septiembre se realizar\u00e1 la segunda evaluaci\u00f3n y que la tercera tendr\u00e1 lugar durante el campeonato nacional en el mes de diciembre.<\/p>\n<p>\u201cEste proyecto tendr\u00e1 un seguimiento directo y el cuerpo t\u00e9cnico estar\u00e1 al frente monitoreando el progreso de cada una de las ni\u00f1as en sus diferentes aparatos\u201d, sostuvo Rodr\u00edguez, quien agreg\u00f3: \u201cLos entrenadores son los responsables del progreso de las ni\u00f1as\u201d.<\/p>\n<p>El objetivo, seg\u00fan se\u00f1al\u00f3 Rodr\u00edguez, es conformar un equipo que pueda competir en Juegos Panamericanos Juveniles del 2021, Juegos Centroamericanos y del Caribe de 2022, Juegos Ol\u00edmpicos Juveniles de 2022 y Juegos Panamericanos de 2023, entre otros.<\/p>\n<p><span style=\"font-style: inherit; font-weight: inherit;\"><strong>Direcci\u00f3n T\u00e9cnica<\/strong><\/span><\/p>\n<p>La directora t\u00e9cnica, Mery Luz Infante, explic\u00f3 que el campamento evaluativo incluy\u00f3 cuatro estaciones de pruebas por aparatos con las direcciones referenciales de la FIJ.<\/p>\n<p>Infante dio a conocer las normas a tomar en cuenta con la preselecci\u00f3n de las atletas, entre las que cit\u00f3 el desempe\u00f1o t\u00e9cnico, aspectos psicol\u00f3gicos, disciplina, c\u00f3digo de \u00e9tica, reglas y horario de entrenamiento y eliminatorias para los eventos.<\/p>\n<p>Indic\u00f3 que el trabajo incluye rutinas planificadas y que se tomar\u00e1 en cuenta, a trav\u00e9s de una ficha, los progresos y rendimiento de las gimnastas.<\/p>\n<p><span style=\"font-style: inherit; font-weight: inherit;\">En la apertura del campamento, el licenciado Fernando Whyte, secretario general de la Fedogim, exhort\u00f3 a las ni\u00f1as a mantener en alto el nivel competitivo, mientras que Belkys Gallardo, vicepresidenta, resalt\u00f3 la integraci\u00f3n y la cooperaci\u00f3n de los padres de las atletas.<\/span><\/p>\n<p><strong>Comit\u00e9 de Apoyo<\/strong><\/p>\n<p><span style=\"font-style: inherit; font-weight: inherit;\">Aunque el proyecto tiene el apoyo del Ministerio de Deportes, tambi\u00e9n se ha conformado un comit\u00e9 de apoyo para la captaci\u00f3n de recursos, el cual est\u00e1 integrado por un comit\u00e9 de padres, patrocinadores y la realizaci\u00f3n de actividades como campamentos, eventos y otros.<\/span><\/p>\n","protected":false},"excerpt":{"rendered":"<p>Un total de 52 infantes participaron en el campamento y estar\u00e0 trabajando para desarrollar la gimnasia femenina y escalar a los primeros lugares.<\/p>\n","protected":false},"author":13,"featured_media":50652,"comment_status":"closed","ping_status":"closed","sticky":false,"template":"","format":"standard","meta":[],"categories":[2,60],"tags":[],"acf":[],"_links":{"self":[{"href":"https:\/\/colimdo.org\/wp-api\/wp\/v2\/posts\/50651"}],"collection":[{"href":"https:\/\/colimdo.org\/wp-api\/wp\/v2\/posts"}],"about":[{"href":"https:\/\/colimdo.org\/wp-api\/wp\/v2\/types\/post"}],"author":[{"embeddable":true,"href":"https:\/\/colimdo.org\/wp-api\/wp\/v2\/users\/13"}],"replies":[{"embeddable":true,"href":"https:\/\/colimdo.org\/wp-api\/wp\/v2\/comments?post=50651"}],"version-history":[{"count":1,"href":"https:\/\/colimdo.org\/wp-api\/wp\/v2\/posts\/50651\/revisions"}],"predecessor-version":[{"id":50653,"href":"https:\/\/colimdo.org\/wp-api\/wp\/v2\/posts\/50651\/revisions\/50653"}],"wp:featuredmedia":[{"embeddable":true,"href":"https:\/\/colimdo.org\/wp-api\/wp\/v2\/media\/50652"}],"wp:attachment":[{"href":"https:\/\/colimdo.org\/wp-api\/wp\/v2\/media?parent=50651"}],"wp:term":[{"taxonomy":"category","embeddable":true,"href":"https:\/\/colimdo.org\/wp-api\/wp\/v2\/categories?post=50651"},{"taxonomy":"post_tag","embeddable":true,"href":"https:\/\/colimdo.org\/wp-api\/wp\/v2\/tags?post=50651"}],"curies":[{"name":"wp","href":"https:\/\/api.w.org\/{rel}","templated":true}]}}