{"id":50672,"date":"2019-03-25T02:12:13","date_gmt":"2019-03-25T02:12:13","guid":{"rendered":"https:\/\/colimdo.org\/?p=50672"},"modified":"2019-03-25T02:12:34","modified_gmt":"2019-03-25T02:12:34","slug":"ramon-leonardo-asume-presidente-asociacion-boxeo-spm","status":"publish","type":"post","link":"https:\/\/colimdo.org\/noticias\/ramon-leonardo-asume-presidente-asociacion-boxeo-spm\/","title":{"rendered":"Ram\u00f3n Leonardo asume como presidente Asociaci\u00f3n Boxeo SPM"},"content":{"rendered":"<p><strong>SAN PEDRO DE MACOR\u00cdS<\/strong>.- El dirigente deportivo Ram\u00f3n Leonardo qued\u00f3 electo como presidente de la Asociaci\u00f3n de Boxeo de San Pedro de Macor\u00eds durante los comicios celebrados este fin de semana.<\/p>\n<p>Leonardo encabez\u00f3 la plancha \u00fanica, integrada adem\u00e1s por Escol\u00e1stico Payano, como vicepresidente; Miguel Jim\u00e9nez, secretario general; Manuel Herrera, tesorero, y Manuel B\u00e1ez, vocal.<\/p>\n<p>El nuevo comit\u00e9 ejecutivo de la Asociaci\u00f3n de Boxeo de San Pedro de Macor\u00eds result\u00f3 electo para el per\u00edodo 2019-2021 al recibir los votos de los cuatro clubes presentes en el proceso.<\/p>\n<p>Los comicios fueron validados por la comisi\u00f3n electoral compuesta por los delegados de la Federaci\u00f3n Dominicana de Boxeo (FEDOBOXA), Thomas Cruz, co-secretario, quien presidi\u00f3 proceso; Ram\u00f3n P\u00e9rez, presidente de \u00c1rbitros y Jueces, \u00a0y Juan Cruz Torres, director ejecutivo de la Fedoboxa.<\/p>\n<p>Los cuatro clubes que conforman la asociaci\u00f3n ejercieron el derecho al voto, Club Barrio Lindo, representado por Felipe Gonz\u00e1lez; Club Pepe Mall\u00e9n, con Ram\u00f3n Herrera como representante; Club Centro, representado Luis Raposo, y Club Punta Pescadora, por Mayra Rodr\u00edguez.<\/p>\n<p>Como observadores estuvieron el director provincial de deportes, Juan Erick Yermenos, y el presidente de la Uni\u00f3n Deportiva petromacorisana, Reymundo Gantier.<\/p>\n","protected":false},"excerpt":{"rendered":"<p>El dirigente deportivo encabeza la nueva directiva de la Asociaci\u00f3n de Boxeo de San Pedro, electa este fin de semana para el per\u00edodo 2019-2021.<\/p>\n","protected":false},"author":13,"featured_media":50673,"comment_status":"closed","ping_status":"closed","sticky":false,"template":"","format":"standard","meta":[],"categories":[2,60],"tags":[],"acf":[],"_links":{"self":[{"href":"https:\/\/colimdo.org\/wp-api\/wp\/v2\/posts\/50672"}],"collection":[{"href":"https:\/\/colimdo.org\/wp-api\/wp\/v2\/posts"}],"about":[{"href":"https:\/\/colimdo.org\/wp-api\/wp\/v2\/types\/post"}],"author":[{"embeddable":true,"href":"https:\/\/colimdo.org\/wp-api\/wp\/v2\/users\/13"}],"replies":[{"embeddable":true,"href":"https:\/\/colimdo.org\/wp-api\/wp\/v2\/comments?post=50672"}],"version-history":[{"count":1,"href":"https:\/\/colimdo.org\/wp-api\/wp\/v2\/posts\/50672\/revisions"}],"predecessor-version":[{"id":50674,"href":"https:\/\/colimdo.org\/wp-api\/wp\/v2\/posts\/50672\/revisions\/50674"}],"wp:featuredmedia":[{"embeddable":true,"href":"https:\/\/colimdo.org\/wp-api\/wp\/v2\/media\/50673"}],"wp:attachment":[{"href":"https:\/\/colimdo.org\/wp-api\/wp\/v2\/media?parent=50672"}],"wp:term":[{"taxonomy":"category","embeddable":true,"href":"https:\/\/colimdo.org\/wp-api\/wp\/v2\/categories?post=50672"},{"taxonomy":"post_tag","embeddable":true,"href":"https:\/\/colimdo.org\/wp-api\/wp\/v2\/tags?post=50672"}],"curies":[{"name":"wp","href":"https:\/\/api.w.org\/{rel}","templated":true}]}}