{"id":50698,"date":"2019-03-25T15:05:30","date_gmt":"2019-03-25T15:05:30","guid":{"rendered":"https:\/\/colimdo.org\/?p=50698"},"modified":"2019-03-25T15:05:30","modified_gmt":"2019-03-25T15:05:30","slug":"madrid-planea-una-oferta-280-millones-mbappe","status":"publish","type":"post","link":"https:\/\/colimdo.org\/noticias\/madrid-planea-una-oferta-280-millones-mbappe\/","title":{"rendered":"El Madrid planea una oferta de 280 millones por Mbapp\u00e9"},"content":{"rendered":"<p class=\"canvas-atom canvas-text Mb(1.0em) Mb(0)--sm Mt(0.8em)--sm\">Par\u00eds, 25 mar (EFE).- El Real Madrid prepara una operaci\u00f3n para fichar al internacional franc\u00e9s Kylian Mbapp\u00e9, prioridad de Zinedine Zidane en su regreso al banquillo, seg\u00fan &#8220;France Football&#8221;, que cifra la cuant\u00eda de la oferta en &#8220;unos 280 millones de euros&#8221;.<\/p>\n<p class=\"canvas-atom canvas-text Mb(1.0em) Mb(0)--sm Mt(0.8em)--sm\">El presidente del Madrid, Florentino P\u00e9rez, debe de pasar al ataque &#8220;en las pr\u00f3ximas semanas&#8221; con una oferta que rondar\u00eda esa cuant\u00eda, lo que lo convertir\u00eda en el fichaje m\u00e1s caro de la historia, explic\u00f3 este lunes la revista francesa en el avance publicado en su web de los contenidos de su edici\u00f3n semanal.<\/p>\n<p class=\"canvas-atom canvas-text Mb(1.0em) Mb(0)--sm Mt(0.8em)--sm\">La estrella del Par\u00eds Saint Germain (PSG), que pag\u00f3 en el verano de 2017 por su fichaje de 180 millones de euros, aparece en cabeza de la lista de los objetivos del club merengue.<\/p>\n<p class=\"canvas-atom canvas-text Mb(1.0em) Mb(0)--sm Mt(0.8em)--sm\">Porque Zidane quiere rejuvenecer la plantilla con dos o tres jugadores destacados que refuercen el centro del campo y la delantera, dice &#8220;France Football&#8221;, que augura &#8220;un verano caliente&#8221; en el mercado de los traspasos.<\/p>\n<p class=\"canvas-atom canvas-text Mb(1.0em) Mb(0)--sm Mt(0.8em)--sm\">El retorno de &#8216;Zizou&#8217; a los mandos del banquillo del Madrid ha disparado los rumores en Francia sobre la voluntad de hacerse con quien, a sus 20 a\u00f1os, aparece como el &#8220;crack&#8221; del futuro.<\/p>\n<p class=\"canvas-atom canvas-text Mb(1.0em) Mb(0)--sm Mt(0.8em)--sm\">El propio Mbapp\u00e9, que nunca ha ocultado sus simpat\u00edas por el Real Madrid, anunci\u00f3 hace dos semanas en la televisi\u00f3n francesa que la campa\u00f1a que viene seguir\u00eda en las filas del PSG, adonde lleg\u00f3 procedente del M\u00f3naco.<\/p>\n<p class=\"canvas-atom canvas-text Mb(1.0em) Mb(0)--sm Mt(0.8em)--sm\">Sin embargo, aquellas declaraciones se produjeron antes del retorno al banquillo madridista de Zidane, quien conserva una gran capacidad de atracci\u00f3n e influencia sobre la nueva estrella francesa.<\/p>\n<p class=\"canvas-atom canvas-text Mb(1.0em) Mb(0)--sm Mt(0.8em)--sm\">El Madrid ya tuvo inter\u00e9s en contratar a Mbapp\u00e9 en el verano de 2017, pero entonces el delantero decidi\u00f3 quedarse en Francia para ingresar en las filas del club de su ciudad de infancia, pues proviene del suburbio parisino de Bondy.<\/p>\n","protected":false},"excerpt":{"rendered":"<p>La oferta que presentar\u00eda el Real Madrid por el joven jugador del PSG fue revelada por el diario France Football.<\/p>\n","protected":false},"author":16,"featured_media":50699,"comment_status":"closed","ping_status":"closed","sticky":false,"template":"","format":"standard","meta":[],"categories":[2,60],"tags":[],"acf":[],"_links":{"self":[{"href":"https:\/\/colimdo.org\/wp-api\/wp\/v2\/posts\/50698"}],"collection":[{"href":"https:\/\/colimdo.org\/wp-api\/wp\/v2\/posts"}],"about":[{"href":"https:\/\/colimdo.org\/wp-api\/wp\/v2\/types\/post"}],"author":[{"embeddable":true,"href":"https:\/\/colimdo.org\/wp-api\/wp\/v2\/users\/16"}],"replies":[{"embeddable":true,"href":"https:\/\/colimdo.org\/wp-api\/wp\/v2\/comments?post=50698"}],"version-history":[{"count":1,"href":"https:\/\/colimdo.org\/wp-api\/wp\/v2\/posts\/50698\/revisions"}],"predecessor-version":[{"id":50700,"href":"https:\/\/colimdo.org\/wp-api\/wp\/v2\/posts\/50698\/revisions\/50700"}],"wp:featuredmedia":[{"embeddable":true,"href":"https:\/\/colimdo.org\/wp-api\/wp\/v2\/media\/50699"}],"wp:attachment":[{"href":"https:\/\/colimdo.org\/wp-api\/wp\/v2\/media?parent=50698"}],"wp:term":[{"taxonomy":"category","embeddable":true,"href":"https:\/\/colimdo.org\/wp-api\/wp\/v2\/categories?post=50698"},{"taxonomy":"post_tag","embeddable":true,"href":"https:\/\/colimdo.org\/wp-api\/wp\/v2\/tags?post=50698"}],"curies":[{"name":"wp","href":"https:\/\/api.w.org\/{rel}","templated":true}]}}