{"id":50716,"date":"2019-03-25T23:53:24","date_gmt":"2019-03-25T23:53:24","guid":{"rendered":"https:\/\/colimdo.org\/?p=50716"},"modified":"2019-03-25T23:53:38","modified_gmt":"2019-03-25T23:53:38","slug":"juramentan-ray-guevara-presidente-comite-panam-sub-19-varones","status":"publish","type":"post","link":"https:\/\/colimdo.org\/noticias\/juramentan-ray-guevara-presidente-comite-panam-sub-19-varones\/","title":{"rendered":"Juramentan a Ray Guevara presidente Comit\u00e9 Panam Sub-19 varones"},"content":{"rendered":"<p><strong>SANTO DOMINGO<\/strong>. Fue juramentado este lunes el Comit\u00e9 Organizador de la Copa Panamericana de Voleibol Masculino en la categor\u00eda Sub-19, que se celebrar\u00e1 en el pa\u00eds del 24 al 29 de abril pr\u00f3ximo teniendo como sede el Palacio de Voleibol &#8220;Ricardo- Gioriver-Arias&#8221;.<\/p>\n<p>El Comit\u00e9 estar\u00e1 encabezado por el doctor Milton Ray Guevara, Juez Presidente del Tribunal Constitucional y lo acompa\u00f1ar\u00e1n el presidente de la Federaci\u00f3n Dominicana de Voleibol, Alexis Garc\u00eda; el director del Proyecto de Seleccionales Nacionales, Nelson Ram\u00edrez, y la inmortal del Deporte y ex-capitana de la Selecci\u00f3n Nacional de Voleibol, Milagros Cabral.<\/p>\n<p>En la Copa Panam Sub-19 participar\u00e1n los pa\u00edses de Cuba, M\u00e9xico, Puerto Rico, Argentina, Chile, Estados Unidos y la Rep\u00fablica Dominicana. Brasil pudiera estar presente, pero no ha confirmado a\u00fan.<\/p>\n<p>El presidente del COD, Luis Mejia Oviedo, tom\u00f3 el juramento al Comit\u00e9 Organizador y valor\u00f3 el trabajo de la FEDOVOLI de conquistar grandes personalidades de la vida nacional para traerlas a colaborar con el voleibol.<\/p>\n<p>Tras ser juramentado, el doctor Milton Ray Guevara, proclam\u00f3 que la Constituci\u00f3n Dominicana consagra el deporte como un elemento esencial para el desarrollo de la salud y la educaci\u00f3n de los seres humanos.<\/p>\n<p>Afirm\u00f3 que el deporte es la base fundamental como complemento para tener una formaci\u00f3n integral en el ser humano, sobre todo en los j\u00f3venes.<\/p>\n<p>&#8220;Me siento honrado con la designaci\u00f3n para ser presidente de este Comit\u00e9 Organizador, vamos a trabajar para que sea todo un \u00e9xito.&#8221;, precis\u00f3.<\/p>\n<p><strong>Acto protocolocar<\/strong><\/p>\n<p>Las palabras de bienvenida fueron pronunciadas por el presidente de FEDOVOLI, Alexis Garc\u00eda, quien valor\u00f3 la presencia del doctor Milton Ray Guevara y dijo que el evento ser\u00e1 todo un \u00e9xito.<\/p>\n<p>En representaci\u00f3n del Ministro de Deportes, estuvo el viceministro de Deportes, Soterio Ram\u00edrez, quien afirm\u00f3 que el Estado respaldar\u00e1 la justa de voleibol femenino, ya que el deporte es uno de los puntos fundamentales de\u00a0\u00a0la gesti\u00f3n del presidente Danilo Medina.<\/p>\n<p>En el acto estaban presentes el presidente del Comit\u00e9 de la Liga de Voleibol, Horacio Mazara, Jos\u00e9 Luis Ram\u00edrez y Gerardo Suero Correa, miembros del COD, la atleta del Siglo de la FIVB, Mireya Luis, la inmortal Cosiris Rodr\u00edguez y Gary Bautista, presidente de la Federaci\u00f3n de Softbol.<\/p>\n<p>El Albergue Ol\u00edmpico ser\u00e1 la sede del hospedaje de los pa\u00edses participantes.<\/p>\n<p><strong>Crist\u00f3bal Marte<\/strong><\/p>\n<p>El presidente de la NORCECA, licenciado Crist\u00f3bal Marte Hoffiz, indic\u00f3 que la Copa Panam se iniciar\u00e1 el 24 de abril y se jugar\u00e1n cuatro partidos diarios comenzando a la una de la tarde.<\/p>\n<p>&#8220;Dominicana jugar\u00e1 siempre a las siete de la noche, cerrando cada jornada&#8221;, indic\u00f3.\u00a0Explic\u00f3 que se disputar\u00e1n dos plazas para el Campeonato Mundial Sub-19 de varones. &#8220;Una ser\u00e1 para uno de los equipos de la NORCECA y la otra plaza para el mejor ranking que logren los conjuntos en acci\u00f3n&#8221;, subray\u00f3.<\/p>\n","protected":false},"excerpt":{"rendered":"<p>La Copa Panamericana de Voleibol Masculino en la categor\u00eda Sub-19, se celebrar\u00e1 en el pa\u00eds del 24 al 29 de abril pr\u00f3ximo en el Centro Ol\u00edmpico.<\/p>\n","protected":false},"author":13,"featured_media":50717,"comment_status":"closed","ping_status":"closed","sticky":false,"template":"","format":"standard","meta":[],"categories":[2],"tags":[],"acf":[],"_links":{"self":[{"href":"https:\/\/colimdo.org\/wp-api\/wp\/v2\/posts\/50716"}],"collection":[{"href":"https:\/\/colimdo.org\/wp-api\/wp\/v2\/posts"}],"about":[{"href":"https:\/\/colimdo.org\/wp-api\/wp\/v2\/types\/post"}],"author":[{"embeddable":true,"href":"https:\/\/colimdo.org\/wp-api\/wp\/v2\/users\/13"}],"replies":[{"embeddable":true,"href":"https:\/\/colimdo.org\/wp-api\/wp\/v2\/comments?post=50716"}],"version-history":[{"count":1,"href":"https:\/\/colimdo.org\/wp-api\/wp\/v2\/posts\/50716\/revisions"}],"predecessor-version":[{"id":50718,"href":"https:\/\/colimdo.org\/wp-api\/wp\/v2\/posts\/50716\/revisions\/50718"}],"wp:featuredmedia":[{"embeddable":true,"href":"https:\/\/colimdo.org\/wp-api\/wp\/v2\/media\/50717"}],"wp:attachment":[{"href":"https:\/\/colimdo.org\/wp-api\/wp\/v2\/media?parent=50716"}],"wp:term":[{"taxonomy":"category","embeddable":true,"href":"https:\/\/colimdo.org\/wp-api\/wp\/v2\/categories?post=50716"},{"taxonomy":"post_tag","embeddable":true,"href":"https:\/\/colimdo.org\/wp-api\/wp\/v2\/tags?post=50716"}],"curies":[{"name":"wp","href":"https:\/\/api.w.org\/{rel}","templated":true}]}}