{"id":50719,"date":"2019-03-26T00:24:54","date_gmt":"2019-03-26T00:24:54","guid":{"rendered":"https:\/\/colimdo.org\/?p=50719"},"modified":"2019-03-26T00:24:54","modified_gmt":"2019-03-26T00:24:54","slug":"udesa-organiza-xi-premio-anual-infantil-juvenil-panchon-tejada","status":"publish","type":"post","link":"https:\/\/colimdo.org\/noticias\/udesa-organiza-xi-premio-anual-infantil-juvenil-panchon-tejada\/","title":{"rendered":"UDESA organiza XI Premio anual infantil y juvenil Panch\u00f3n Tejada"},"content":{"rendered":"<p><strong>SANTIAGO<\/strong>.- La Uni\u00f3n Deportiva de Santiago, Inc. (UDESA), prepara la gala anual del XI Premio Panch\u00f3n Tejada, en la que se galardona a los mejores atletas infantiles y juveniles de Santiago, tanto en masculino como en femenino.<\/p>\n<p>El se\u00f1or Severiano Rosa, presidente de la UDESA, junto a la directora de protocolo de la actividad, se\u00f1ora Margarita J\u00e1quez, ejecutiva de esa entidad, dijo que la premiaci\u00f3n ser\u00e1, como de costumbre, a final del pr\u00f3ximo mes de abril, en el Auditorio Don Manuel Arsenio Ure\u00f1a de la Universidad Tecnol\u00f3gica de Santiago (UTESA).<\/p>\n<p>Agreg\u00f3 que atletas de 27 disciplinas pertenecientes a sus asociaciones afiliadas ser\u00e1n reconocidos, y especific\u00f3 que otras cuatro asociaciones no cuentan con atletas o personal en el rango de edades a premiar.<\/p>\n<p>En la actualidad, la comisi\u00f3n organizadora recibe las escogencias de las asociaciones, las cuales proponen a sus atletas m\u00e1s destacados, mientras que la comisi\u00f3n de evaluaci\u00f3n, presidida por Don C\u00e9sar Pichardo, tendr\u00e1 a su cargo la selecci\u00f3n de los cuatro finalistas, la asociaci\u00f3n y el entrenador del a\u00f1o.<\/p>\n<p>Los aprestos organizativos se encuentran bastantes adelantados, cumpliendo la ruta cr\u00edtica oportunamente establecida.<\/p>\n<p>Mientras que la hora, el d\u00eda y otros reconocimientos ser\u00e1n pr\u00f3ximamente anunciados a la colectividad deportiva del pa\u00eds.<\/p>\n","protected":false},"excerpt":{"rendered":"<p>El ceremonial se llevar\u00e1 a cabo a finales del mes de abril en el Auditorio Don Manuel Arsenio Ure\u00f1a de la Universidad Tecnol\u00f3gica de Santiago (UTESA).<\/p>\n","protected":false},"author":13,"featured_media":50720,"comment_status":"closed","ping_status":"closed","sticky":false,"template":"","format":"standard","meta":[],"categories":[2],"tags":[],"acf":[],"_links":{"self":[{"href":"https:\/\/colimdo.org\/wp-api\/wp\/v2\/posts\/50719"}],"collection":[{"href":"https:\/\/colimdo.org\/wp-api\/wp\/v2\/posts"}],"about":[{"href":"https:\/\/colimdo.org\/wp-api\/wp\/v2\/types\/post"}],"author":[{"embeddable":true,"href":"https:\/\/colimdo.org\/wp-api\/wp\/v2\/users\/13"}],"replies":[{"embeddable":true,"href":"https:\/\/colimdo.org\/wp-api\/wp\/v2\/comments?post=50719"}],"version-history":[{"count":1,"href":"https:\/\/colimdo.org\/wp-api\/wp\/v2\/posts\/50719\/revisions"}],"predecessor-version":[{"id":50721,"href":"https:\/\/colimdo.org\/wp-api\/wp\/v2\/posts\/50719\/revisions\/50721"}],"wp:featuredmedia":[{"embeddable":true,"href":"https:\/\/colimdo.org\/wp-api\/wp\/v2\/media\/50720"}],"wp:attachment":[{"href":"https:\/\/colimdo.org\/wp-api\/wp\/v2\/media?parent=50719"}],"wp:term":[{"taxonomy":"category","embeddable":true,"href":"https:\/\/colimdo.org\/wp-api\/wp\/v2\/categories?post=50719"},{"taxonomy":"post_tag","embeddable":true,"href":"https:\/\/colimdo.org\/wp-api\/wp\/v2\/tags?post=50719"}],"curies":[{"name":"wp","href":"https:\/\/api.w.org\/{rel}","templated":true}]}}