{"id":50725,"date":"2019-03-26T14:49:32","date_gmt":"2019-03-26T14:49:32","guid":{"rendered":"https:\/\/colimdo.org\/?p=50725"},"modified":"2019-03-26T14:49:32","modified_gmt":"2019-03-26T14:49:32","slug":"fiba-anuncia-nuevos-elegidos-salon-la-fama","status":"publish","type":"post","link":"https:\/\/colimdo.org\/noticias\/fiba-anuncia-nuevos-elegidos-salon-la-fama\/","title":{"rendered":"FIBA anuncia nuevos elegidos a su Sal\u00f3n de la Fama"},"content":{"rendered":"<p class=\"canvas-atom canvas-text Mb(1.0em) Mb(0)--sm Mt(0.8em)--sm\">Madrid, 26 mar (EFE).- El argentino Fabrizio Oberto y el puertorrique\u00f1o Jos\u00e9 &#8216;Picul\u00edn&#8217; Ortiz figuran entre las once personalidades elegidas para ingresar en el Hall of Fame en el curso de 2019, seg\u00fan inform\u00f3 esta instituci\u00f3n.<\/p>\n<p class=\"canvas-atom canvas-text Mb(1.0em) Mb(0)--sm Mt(0.8em)--sm\">Oberto es un miembro destacado de la llamada &#8216;generaci\u00f3n dorada&#8217;, que consigui\u00f3 la medalla de oro en los JJOO de Atenas 2004 o la plata del Mundial de Indian\u00e1polis 2002, entre otros.<\/p>\n<p class=\"canvas-atom canvas-text Mb(1.0em) Mb(0)--sm Mt(0.8em)--sm\">Oberto tras salir de la Asociaci\u00f3n Deportiva Atenas de su Argentina natal, jug\u00f3 en el Olympiacos griego 81998-99) en el Tau Cer\u00e1mica (1999-2002), Pamesa Valencia (2002-2005), antes de emprender la aventura de la NBA (San Antonio Spurs 2005-09, Washington Wizards 2009-10 y Portland Trail Blazers 2010). En 2013 regres\u00f3 al club en el que comenz\u00f3 a jugar al baloncesto.<\/p>\n<p class=\"canvas-atom canvas-text Mb(1.0em) Mb(0)--sm Mt(0.8em)--sm\">&#8216;Picul\u00edn&#8217; Ortiz comenz\u00f3 a jugar con el Atl\u00e9tico San Germ\u00e1n y en 1991 fich\u00f3 por el CAI Zaragoza, antes de jugar en la NBA en Utah Jazz. Tambi\u00e9n jug\u00f3 en el Barcelona, Festina Andorra, Unicaja M\u00e1laga, en el Larisssas, Iraklis y Aris Sal\u00f3nica.<\/p>\n<p class=\"canvas-atom canvas-text Mb(1.0em) Mb(0)--sm Mt(0.8em)--sm\">Entre los once elegidos para el Hall of Fame de la FIBA hay nombres ilustres como el estadounidense Alonzo Mourning, la brasile\u00f1a Janeth Arcain o el entrenador montenegrino Bogdan Tanjevic.<\/p>\n<p class=\"canvas-atom canvas-text Mb(1.0em) Mb(0)--sm Mt(0.8em)--sm\">La promoci\u00f3n de 2019 entrar\u00e1 oficialmente en el Sal\u00f3n de la Fama de la FIBA tras una ceremonia especial que tendr\u00e1 lugar en Pek\u00edn el 30 de agosto, en la v\u00edspera de la Copa del Mundo 2019. En el descanso del partido inaugural del Mundial, el 31 de agosto, tendr\u00e1n el reconocimiento de los aficionados.<\/p>\n<p class=\"canvas-atom canvas-text Mb(1.0em) Mb(0)--sm Mt(0.8em)--sm\">Los nuevos 11 miembros del Hall of Fame FIBA:<\/p>\n<p class=\"canvas-atom canvas-text Mb(1.0em) Mb(0)--sm Mt(0.8em)--sm\">&#8211; Jugadores<\/p>\n<p class=\"canvas-atom canvas-text Mb(1.0em) Mb(0)--sm Mt(0.8em)--sm\">Janeth Arcain (Brasil)<\/p>\n<p class=\"canvas-atom canvas-text Mb(1.0em) Mb(0)--sm Mt(0.8em)--sm\">Margo Dydek (Polonia &#8211; a t\u00edtulo p\u00f3stumo)<\/p>\n<p class=\"canvas-atom canvas-text Mb(1.0em) Mb(0)--sm Mt(0.8em)--sm\">Atanas Golomeev (Bulgaria)<\/p>\n<p class=\"canvas-atom canvas-text Mb(1.0em) Mb(0)--sm Mt(0.8em)--sm\">Alonzo Mourning (EE.UU.)<\/p>\n<p class=\"canvas-atom canvas-text Mb(1.0em) Mb(0)--sm Mt(0.8em)--sm\">Fabricio Oberto (Argentina)<\/p>\n<p class=\"canvas-atom canvas-text Mb(1.0em) Mb(0)--sm Mt(0.8em)--sm\">Jos\u00e9 &#8220;Picul\u00edn&#8221; Ortiz (Puerto Rico)<\/p>\n<p class=\"canvas-atom canvas-text Mb(1.0em) Mb(0)--sm Mt(0.8em)--sm\">Mohsen Medhat Warda (Egipto)<\/p>\n<p class=\"canvas-atom canvas-text Mb(1.0em) Mb(0)--sm Mt(0.8em)--sm\">Jiri Zidek (Rep\u00fablica Checa)<\/p>\n<p class=\"canvas-atom canvas-text Mb(1.0em) Mb(0)--sm Mt(0.8em)--sm\">&#8211; Entrenadores<\/p>\n<p class=\"canvas-atom canvas-text Mb(1.0em) Mb(0)--sm Mt(0.8em)--sm\">Natalia Hejkova (Eslovaquia)<\/p>\n<p class=\"canvas-atom canvas-text Mb(1.0em) Mb(0)--sm Mt(0.8em)--sm\">Bogdan Tanjevic (Montenegro)<\/p>\n<p class=\"canvas-atom canvas-text Mb(1.0em) Mb(0)--sm Mt(0.8em)--sm\">Mou Zuoyun (China &#8211; a t\u00edtulo p\u00f3stumo).<\/p>\n","protected":false},"excerpt":{"rendered":"<p>La clase de 2019 la encabezan el argentino Fabrizio Oberto y el puertorrique\u00f1o Jos\u00e9 &#8216;Picul\u00edn&#8217; Ortiz<\/p>\n","protected":false},"author":16,"featured_media":50726,"comment_status":"closed","ping_status":"closed","sticky":false,"template":"","format":"standard","meta":[],"categories":[2,60],"tags":[],"acf":[],"_links":{"self":[{"href":"https:\/\/colimdo.org\/wp-api\/wp\/v2\/posts\/50725"}],"collection":[{"href":"https:\/\/colimdo.org\/wp-api\/wp\/v2\/posts"}],"about":[{"href":"https:\/\/colimdo.org\/wp-api\/wp\/v2\/types\/post"}],"author":[{"embeddable":true,"href":"https:\/\/colimdo.org\/wp-api\/wp\/v2\/users\/16"}],"replies":[{"embeddable":true,"href":"https:\/\/colimdo.org\/wp-api\/wp\/v2\/comments?post=50725"}],"version-history":[{"count":1,"href":"https:\/\/colimdo.org\/wp-api\/wp\/v2\/posts\/50725\/revisions"}],"predecessor-version":[{"id":50727,"href":"https:\/\/colimdo.org\/wp-api\/wp\/v2\/posts\/50725\/revisions\/50727"}],"wp:featuredmedia":[{"embeddable":true,"href":"https:\/\/colimdo.org\/wp-api\/wp\/v2\/media\/50726"}],"wp:attachment":[{"href":"https:\/\/colimdo.org\/wp-api\/wp\/v2\/media?parent=50725"}],"wp:term":[{"taxonomy":"category","embeddable":true,"href":"https:\/\/colimdo.org\/wp-api\/wp\/v2\/categories?post=50725"},{"taxonomy":"post_tag","embeddable":true,"href":"https:\/\/colimdo.org\/wp-api\/wp\/v2\/tags?post=50725"}],"curies":[{"name":"wp","href":"https:\/\/api.w.org\/{rel}","templated":true}]}}