{"id":50731,"date":"2019-03-26T14:59:34","date_gmt":"2019-03-26T14:59:34","guid":{"rendered":"https:\/\/colimdo.org\/?p=50731"},"modified":"2019-03-26T14:59:34","modified_gmt":"2019-03-26T14:59:34","slug":"conor-mcgregor-anuncia-retirada-las-artes-marciales-mixtas","status":"publish","type":"post","link":"https:\/\/colimdo.org\/noticias\/conor-mcgregor-anuncia-retirada-las-artes-marciales-mixtas\/","title":{"rendered":"Conor McGregor anuncia su retirada de las artes marciales mixtas"},"content":{"rendered":"<p class=\"canvas-atom canvas-text Mb(1.0em) Mb(0)--sm Mt(0.8em)--sm\">Madrid, 26 mar (EFE).- El luchador irland\u00e9s de artes marciales mixtas Conor McGregor, anunci\u00f3 este martes su retirada de la Ultimate Fighting Championship (UFC) por medio de un mensaje en su red social Twitter.<\/p>\n<p class=\"canvas-atom canvas-text Mb(1.0em) Mb(0)--sm Mt(0.8em)--sm\">McGregor asegur\u00f3 que se retira del deporte conocido oficialmente como artes marciales mixtas y dese\u00f3 suerte &#8220;a todos los viejos colegas para que sigan adelante en la competici\u00f3n&#8221;.<\/p>\n<p class=\"canvas-atom canvas-text Mb(1.0em) Mb(0)--sm Mt(0.8em)--sm\">El anuncio sorprende debido a que esta misma semana el irland\u00e9s asegur\u00f3 que estaba listo para volver y en conversaciones para formalizar nuevas peleas en el pr\u00f3ximo mes de julio.<\/p>\n<p class=\"canvas-atom canvas-text Mb(1.0em) Mb(0)--sm Mt(0.8em)--sm\">El combatiente de Dubl\u00edn, conocido popularmente como The Notorious, fue reciente sancionado por seis meses sin actividad en los oct\u00f3gonos y con una multa de 50.000 d\u00f3lares tras su batalla campal una vez que perdi\u00f3 la pelea contra el ruso Khabib Nurmagom\u00e9dov en el UFC 229.<\/p>\n<p class=\"canvas-atom canvas-text Mb(1.0em) Mb(0)--sm Mt(0.8em)--sm\">McGregor fue arrestado recientemente en Florida por robo a mano armada despu\u00e9s de un altercado con un aficionado al que le rob\u00f3 y rompi\u00f3 el tel\u00e9fono m\u00f3vil.<\/p>\n","protected":false},"excerpt":{"rendered":"<p>El luchador irland\u00e9s hizo su anuncio por medio de las redes sociales.<\/p>\n","protected":false},"author":16,"featured_media":50732,"comment_status":"closed","ping_status":"closed","sticky":false,"template":"","format":"standard","meta":[],"categories":[2,60],"tags":[],"acf":[],"_links":{"self":[{"href":"https:\/\/colimdo.org\/wp-api\/wp\/v2\/posts\/50731"}],"collection":[{"href":"https:\/\/colimdo.org\/wp-api\/wp\/v2\/posts"}],"about":[{"href":"https:\/\/colimdo.org\/wp-api\/wp\/v2\/types\/post"}],"author":[{"embeddable":true,"href":"https:\/\/colimdo.org\/wp-api\/wp\/v2\/users\/16"}],"replies":[{"embeddable":true,"href":"https:\/\/colimdo.org\/wp-api\/wp\/v2\/comments?post=50731"}],"version-history":[{"count":1,"href":"https:\/\/colimdo.org\/wp-api\/wp\/v2\/posts\/50731\/revisions"}],"predecessor-version":[{"id":50733,"href":"https:\/\/colimdo.org\/wp-api\/wp\/v2\/posts\/50731\/revisions\/50733"}],"wp:featuredmedia":[{"embeddable":true,"href":"https:\/\/colimdo.org\/wp-api\/wp\/v2\/media\/50732"}],"wp:attachment":[{"href":"https:\/\/colimdo.org\/wp-api\/wp\/v2\/media?parent=50731"}],"wp:term":[{"taxonomy":"category","embeddable":true,"href":"https:\/\/colimdo.org\/wp-api\/wp\/v2\/categories?post=50731"},{"taxonomy":"post_tag","embeddable":true,"href":"https:\/\/colimdo.org\/wp-api\/wp\/v2\/tags?post=50731"}],"curies":[{"name":"wp","href":"https:\/\/api.w.org\/{rel}","templated":true}]}}