{"id":50743,"date":"2019-03-26T16:07:51","date_gmt":"2019-03-26T16:07:51","guid":{"rendered":"https:\/\/colimdo.org\/?p=50743"},"modified":"2019-03-26T16:07:51","modified_gmt":"2019-03-26T16:07:51","slug":"tatis-jr-presenta-argumentos-iniciar-grandes-ligas","status":"publish","type":"post","link":"https:\/\/colimdo.org\/noticias\/tatis-jr-presenta-argumentos-iniciar-grandes-ligas\/","title":{"rendered":"Tatis Jr. presenta argumentos para iniciar en Grandes Ligas"},"content":{"rendered":"<p>SEATTLE &#8212; A solamente dos d\u00edas del inicio de la campa\u00f1a regular, los Padres pretenden postergar hasta el \u00faltimo momento posible su decisi\u00f3n del puesto en el roster del cotizado prospecto dominicano Fernando Tatis Jr. y aunque parece inevitable que el brillante torpedero no comience la campa\u00f1a regular con el equipo grande &#8212; las condiciones de control contractual y el hecho de que no ha visto acci\u00f3n al nivel de Doble-A indican que Tatis ser\u00e1 enviado a Ligas Menores antes del D\u00eda Inaugural &#8212; el quisqueyano espera hacer m\u00e1s dif\u00edcil la decisi\u00f3n del club.<\/p>\n<p>\u201cMe siento listo\u201d, dijo Tatis el lunes. \u201cPienso que estoy listo para comenzar. Veremos qu\u00e9 suceder\u00e1. No significa que todo ahora mismo estar\u00e1 100% perfecto. En este juego aprendes algo cada d\u00eda y debes hacer ajustes.<\/p>\n<p>\u201cMe informaron que tomar\u00e1n esa decisi\u00f3n el \u00faltimo d\u00eda y me dir\u00e1n a d\u00f3nde ir\u00e9\u201d.<\/p>\n<p>Desde jugadas similares a una cuerda floja, hasta l\u00edneas que salen de jonr\u00f3n, Tatis ha dado muestras del gran potencial que viene con ser el prospecto n\u00famero 2 en todo el b\u00e9isbol, seg\u00fan MLB Pipeline. Espec\u00edficamente, el club indic\u00f3 que Tatis ha dado grandes pasos con su guante y ha demostrado que puede batear contra lanzadores de Grandes Ligas. En 55 turnos en la Liga del Cactus, Tatis tuvo una l\u00ednea ofensiva de .265\/.345\/.490 con par de vuelacercas.<\/p>\n<p>\u201cHa sido divertido. Estoy aprendiendo bastante\u201d, declar\u00f3 Tatis, quien el a\u00f1o pasado fue enviado a liga menor a mediados de marzo. \u201cLos entrenamientos han sido maravillosos. Llegu\u00e9 a la pretemporada listo para darle algo especial al equipo\u201d.<\/p>\n<p>En unos Entrenamientos de Primavera de los Frailes que vieron la contrataci\u00f3n de la superestrella Manny Machado bajo uno de los mayores contratos en la historia de la Gran Carpa y la promesa de varios j\u00f3venes lanzadores, Tatis ha presentado argumentos para respaldar la idea de que ya est\u00e1 listo para ser parte del equipo grande &#8212; incluso si la gerencia del club no se atreve a decirlo.<\/p>\n<p>\u201cHemos tenido varias pl\u00e1ticas con algunos muchachos\u201d, dijo el piloto Andy Green. \u201cLes hemos informado a unos que ya est\u00e1n en el roster. Parece que a estas alturas no es prudente comenzar a hablar de cu\u00e1les son porque esos movimientos excluyen a otros y resulta en m\u00e1s interrogantes\u201d.<\/p>\n<p>Pero sea por su intenci\u00f3n de primero enviarlo a Triple-A o por el hecho de que el conjunto contar\u00e1 con otro a\u00f1o de control contractual al mantenerlo en Ligas Menores por los primeros 15 d\u00edas, Tatis probablemente no comenzar\u00e1 la temporada con el equipo de Grandes Ligas. Eso dejar\u00eda al campocorto mexicano Luis Ur\u00edas en el roster durante las primeras semanas de la campa\u00f1a regular.<\/p>\n","protected":false},"excerpt":{"rendered":"<p>Tatis ha dado muestras del gran potencial que viene con ser el prospecto n\u00famero 2 en todo el b\u00e9isbol, seg\u00fan MLB Pipeline. Espec\u00edficamente, el club indic\u00f3 que Tatis ha dado grandes pasos con su guante y ha demostrado que puede batear contra lanzadores de Grandes Ligas. <\/p>\n","protected":false},"author":16,"featured_media":50744,"comment_status":"closed","ping_status":"closed","sticky":false,"template":"","format":"standard","meta":[],"categories":[2,60],"tags":[],"acf":[],"_links":{"self":[{"href":"https:\/\/colimdo.org\/wp-api\/wp\/v2\/posts\/50743"}],"collection":[{"href":"https:\/\/colimdo.org\/wp-api\/wp\/v2\/posts"}],"about":[{"href":"https:\/\/colimdo.org\/wp-api\/wp\/v2\/types\/post"}],"author":[{"embeddable":true,"href":"https:\/\/colimdo.org\/wp-api\/wp\/v2\/users\/16"}],"replies":[{"embeddable":true,"href":"https:\/\/colimdo.org\/wp-api\/wp\/v2\/comments?post=50743"}],"version-history":[{"count":1,"href":"https:\/\/colimdo.org\/wp-api\/wp\/v2\/posts\/50743\/revisions"}],"predecessor-version":[{"id":50745,"href":"https:\/\/colimdo.org\/wp-api\/wp\/v2\/posts\/50743\/revisions\/50745"}],"wp:featuredmedia":[{"embeddable":true,"href":"https:\/\/colimdo.org\/wp-api\/wp\/v2\/media\/50744"}],"wp:attachment":[{"href":"https:\/\/colimdo.org\/wp-api\/wp\/v2\/media?parent=50743"}],"wp:term":[{"taxonomy":"category","embeddable":true,"href":"https:\/\/colimdo.org\/wp-api\/wp\/v2\/categories?post=50743"},{"taxonomy":"post_tag","embeddable":true,"href":"https:\/\/colimdo.org\/wp-api\/wp\/v2\/tags?post=50743"}],"curies":[{"name":"wp","href":"https:\/\/api.w.org\/{rel}","templated":true}]}}