{"id":50753,"date":"2019-03-26T18:35:26","date_gmt":"2019-03-26T18:35:26","guid":{"rendered":"https:\/\/colimdo.org\/?p=50753"},"modified":"2019-03-26T18:35:36","modified_gmt":"2019-03-26T18:35:36","slug":"shary-munoz-ramon-vila-ganan-invictos-eliminatorias-infantil-tenis-mesa","status":"publish","type":"post","link":"https:\/\/colimdo.org\/noticias\/shary-munoz-ramon-vila-ganan-invictos-eliminatorias-infantil-tenis-mesa\/","title":{"rendered":"Shary Mu\u00f1oz y Ram\u00f3n Vila ganan invictos eliminatorias infantil tenis de mesa"},"content":{"rendered":"<p><strong>SANTO DOMINGO<\/strong>. Shary Mu\u00f1oz y Ram\u00f3n Vila ganaron de forma invicta sus respectivas ramas de las eliminatorias nacionales clasificatorias para el Campeonato Infantil y Juvenil de Tenis de Mesa del Caribe que se celebrar\u00e1 del 12 al 17 de abril en el Pabell\u00f3n de ese deporte del Parque del Este.<\/p>\n<p>Tanto Mu\u00f1oz, en femenino, como Vila, en masculino, obtuvieron la m\u00e1xima puntuaci\u00f3n en la categor\u00eda infantil, la cual qued\u00f3 definida con ocho atletas por rama.<\/p>\n<p>Shary Mu\u00f1oz, del Distrito Nacional, obtuvo una puntuaci\u00f3n perfecta de 16 tantos, mientras que el segundo puesto lo ocup\u00f3 Dileisy de la Cruz, de San Pedro de Macor\u00eds, con 13 unidades.<\/p>\n<p>El tercer puesto qued\u00f3 en manos de Cinthya S\u00e1nchez, de Santiago, con 13 tantos, mientras que Vianelkis Fern\u00e1ndez, de La Vega, qued\u00f3 cuarta con 10 puntos.<\/p>\n<p>El seleccionado nacional infantil lo integran adem\u00e1s Arisnel Dur\u00e1n, de Santiago, con siete tantos, as\u00ed como Valerie Rodr\u00edguez, de Monte Plata; Shanel Mota, de San Pedro, y Lourden Baret, de Santo Domingo.<\/p>\n<p>Ram\u00f3n Vila, de Santiago, rein\u00f3 en la rama masculina con 12 puntos en la primera ronda y ocho en la segunda para un total de 20 tantos. El segundo pelda\u00f1o fue para Rafael Cabrera, del Distrito Nacional, con 18 unidades; Eduardo Darley, tambi\u00e9n del Distrito Nacional, termin\u00f3 tercero con 16 tantos, y Cristofer Rodr\u00edguez, de Santiago, ocup\u00f3 el cuarto puesto, con 13 puntos.<\/p>\n<p>El equipo infantil masculino lo conforman adem\u00e1s los atletas Yoel Mendoza, con 11 puntos; Andr\u00e9s Lora, de Santo Domingo, as\u00ed como Keven Chen y Botin Chen, ambos del Distrito Nacional.<\/p>\n<p>Las eliminatorias nacionales fueron organizadas por la Federaci\u00f3n Dominicana de Tenis de Mesa (Fedoteme), con el apoyo de Creso, Pets, MIDEREC, Comit\u00e9 Ol\u00edmpico Dominicano y Claro.<\/p>\n<p>El licenciado Juan Vila, presidente de la Fedoteme, inform\u00f3 que ya conformados los seleccionados tanto en juvenil como en infantil para el Campeonato del Caribe, se llevar\u00e1 a cabo un programa de preparaci\u00f3n de los atletas.<\/p>\n","protected":false},"excerpt":{"rendered":"<p>Tanto Mu\u00f1oz, en femenino, como Vila, en masculino, obtuvieron la m\u00e1xima puntuaci\u00f3n en la categor\u00eda infantil, la cual qued\u00f3 definida con ocho atletas por rama.<\/p>\n","protected":false},"author":13,"featured_media":50754,"comment_status":"closed","ping_status":"closed","sticky":false,"template":"","format":"standard","meta":[],"categories":[2,60],"tags":[],"acf":[],"_links":{"self":[{"href":"https:\/\/colimdo.org\/wp-api\/wp\/v2\/posts\/50753"}],"collection":[{"href":"https:\/\/colimdo.org\/wp-api\/wp\/v2\/posts"}],"about":[{"href":"https:\/\/colimdo.org\/wp-api\/wp\/v2\/types\/post"}],"author":[{"embeddable":true,"href":"https:\/\/colimdo.org\/wp-api\/wp\/v2\/users\/13"}],"replies":[{"embeddable":true,"href":"https:\/\/colimdo.org\/wp-api\/wp\/v2\/comments?post=50753"}],"version-history":[{"count":1,"href":"https:\/\/colimdo.org\/wp-api\/wp\/v2\/posts\/50753\/revisions"}],"predecessor-version":[{"id":50755,"href":"https:\/\/colimdo.org\/wp-api\/wp\/v2\/posts\/50753\/revisions\/50755"}],"wp:featuredmedia":[{"embeddable":true,"href":"https:\/\/colimdo.org\/wp-api\/wp\/v2\/media\/50754"}],"wp:attachment":[{"href":"https:\/\/colimdo.org\/wp-api\/wp\/v2\/media?parent=50753"}],"wp:term":[{"taxonomy":"category","embeddable":true,"href":"https:\/\/colimdo.org\/wp-api\/wp\/v2\/categories?post=50753"},{"taxonomy":"post_tag","embeddable":true,"href":"https:\/\/colimdo.org\/wp-api\/wp\/v2\/tags?post=50753"}],"curies":[{"name":"wp","href":"https:\/\/api.w.org\/{rel}","templated":true}]}}