{"id":50759,"date":"2019-03-27T00:35:46","date_gmt":"2019-03-27T00:35:46","guid":{"rendered":"https:\/\/colimdo.org\/?p=50759"},"modified":"2019-03-27T00:35:58","modified_gmt":"2019-03-27T00:35:58","slug":"panam-sports-destaca-organizacion-lima-2019-apunta-mejorar-mercadeo","status":"publish","type":"post","link":"https:\/\/colimdo.org\/noticias\/panam-sports-destaca-organizacion-lima-2019-apunta-mejorar-mercadeo\/","title":{"rendered":"Panam Sports destaca organizaci\u00f3n Lima 2019 y apunta a mejorar mercadeo"},"content":{"rendered":"<p><strong>San Jos\u00e9. (EFE).<\/strong> El presidente de Panam Sports, el chileno Neven Ilic, destac\u00f3 el trabajo realizado por la organizaci\u00f3n de los Juegos Panamericanos de Lima 2019 y asegur\u00f3 que para futuras ediciones de las justas el objetivo es mejorar \u00e1reas como el mercadeo.<\/p>\n<p data-reactid=\"23\">&#8220;Hace 2 a\u00f1os no ten\u00edamos mucho y hoy tenemos las posibilidades de contar con unos grandes Juegos Panamericanos. Per\u00fa ha trabajado en gran nivel y el comit\u00e9 organizador tambi\u00e9n. La infraestructura va a sorprender&#8221;, afirm\u00f3 Ilic en entrevista con Efe.<\/p>\n<p data-reactid=\"24\">Ilic se encuentra en Costa Rica, donde esta semana se llevan a cabo reuniones del Comit\u00e9 Ejecutivo de Panam Sports y otras de las comisiones de Nuevos Eventos, Mujeres en el Deporte, Desarrollo Deportivo y Marketing.<\/p>\n<p data-reactid=\"25\">&#8220;Estamos viendo detalles m\u00e1s finos para que la experiencia en Lima 2019 sea buena, que el transporte sea bueno, que la gente se sienta acogida, que los Juegos se difundan de buena manera&#8221;, agreg\u00f3 el presidente de Panam Sports.<\/p>\n<p data-reactid=\"26\">Ilic coment\u00f3 que los Juegos de Lima 2019, que se cumplir\u00e1n del 26 de julio al 11 de agosto, &#8220;han sido reto tras reto&#8221;, pero afirm\u00f3 que &#8220;desde hace dos a\u00f1os se han ido cumpliendo cabalmente con el programa que establecimos&#8221;.<\/p>\n<p data-reactid=\"27\">&#8220;El reto es salir adelante y que todos digan &#8216;\u00a1Qu\u00e9 fant\u00e1sticos Juegos Panamericanos&#8221;, expres\u00f3.<\/p>\n<p data-reactid=\"28\">El presidente de Panam Sports reconoci\u00f3 que existen grandes diferencias para organizar las justas entre pa\u00edses Latinoamericanos y los del norte del continente Estados Unidos y Canad\u00e1, como ocurri\u00f3 en Toronto 2015.<\/p>\n<p data-reactid=\"29\">&#8220;La cultura de Canad\u00e1 y Estados Unidos es distinta, los recursos est\u00e1n m\u00e1s disponibles, son pa\u00edses que ya tienen infraestructura y universidades que se pueden usar. En Centroam\u00e9rica y Suram\u00e9rica los juegos son oportunidades para hacer cosas&#8221;, explic\u00f3.<\/p>\n<p data-reactid=\"30\">Agreg\u00f3 que &#8220;en nuestros pa\u00edses, si no existe la exigencia, no se hacen muchas cosas. Tenemos que echar a andar la rueda, convencer gente y conseguir recursos es dif\u00edcil, pero cuando las cosas cuestan saben mejor&#8221;.<\/p>\n<p data-reactid=\"31\">Para futuras ediciones de los Juegos Panamericanos, Ilic dijo que Panam Sports apunta a crecer en \u00e1mbitos como el mercadeo, nuevos deportes y atraer un mayor inter\u00e9s de los deportistas y del p\u00fablico en general.<\/p>\n<p data-reactid=\"32\">&#8220;Durante muchos a\u00f1os no se investig\u00f3 en el \u00e1rea de mercadeo y sin apoyo de patrocinadores y empresas es m\u00e1s dif\u00edcil crecer. Tenemos que ver c\u00f3mo definimos el producto, qu\u00e9 tipo de empresas quieren estar cerca, c\u00f3mo potenciamos los Juegos Panamericanos para que sean m\u00e1s interesantes&#8221;, declar\u00f3.<\/p>\n<p data-reactid=\"33\">El presidente de Panam Sports indic\u00f3 que hay ciertos eventos o grupos de deportistas a los que la organizaci\u00f3n debe dar prioridad, incluir deportes que en la actualidad son atractivos para los j\u00f3venes y adem\u00e1s insertarse en el mundo de las nuevas tecnolog\u00edas para modernizar la instituci\u00f3n.<\/p>\n<p data-reactid=\"34\">Entre las acciones ya definidas en este sentido se encuentra la organizaci\u00f3n de los primeros Juegos Panamericanos J\u00fanior, que se llevar\u00e1n a cabo en 2021 y cuya sede ser\u00e1 escogida el mi\u00e9rcoles entre Cali (Colombia), Santa Ana (El Salvador) y Monterrey (M\u00e9xico).<\/p>\n<p data-reactid=\"35\">El objetivo de estos juegos, que albergar\u00e1n competencia en al menos 30 disciplinas deportivas, es dar un impulso a las nuevas generaciones de deportistas entre los 18 y 22 a\u00f1os de edad, que muchas veces no son tomados en cuenta o carecen de apoyo para su desarrollo.<\/p>\n<p data-reactid=\"36\">&#8220;Es una generaci\u00f3n que en nuestros pa\u00edses queda un poco abandonada por falta de recursos, pero con un evento de alto nivel se hace m\u00e1s f\u00e1cil invitar a gobiernos, comit\u00e9s ol\u00edmpicos y federaciones a invertir&#8221;, explic\u00f3.<\/p>\n<p data-reactid=\"37\">Ilic asegur\u00f3 que por falta de apoyo econ\u00f3mico existe &#8220;una deserci\u00f3n tremenda y una frustraci\u00f3n&#8221; de los atletas j\u00f3venes de la regi\u00f3n, pero se mostr\u00f3 convencido de que los Juegos J\u00fanior ayudar\u00e1n a solucionar ese problema.<\/p>\n<p data-reactid=\"38\">&#8220;Los ganadores de medalla de oro en los Juegos Panamericanos J\u00fanior se clasificar\u00e1n a los Juegos Panamericanos de 2023 y eso va a obligar a que se invierta, a incentivar a los deportistas j\u00f3venes, a tratarlos como profesionales, darles oportunidades y ese va a ser el \u00e9xito de los Panamericanos J\u00fanior&#8221;, manifest\u00f3 Ilic.<\/p>\n<p data-reactid=\"39\">Las reuniones de Panam Sport en Costa Rica comenzaron el lunes y concluir\u00e1n el jueves.<\/p>\n","protected":false},"excerpt":{"rendered":"<p>El presidente de Panam Sports, el chileno Neven Ilic, destac\u00f3 el trabajo realizado por la organizaci\u00f3n de los Juegos Panamericanos de Lima.<\/p>\n","protected":false},"author":13,"featured_media":50760,"comment_status":"closed","ping_status":"closed","sticky":false,"template":"","format":"standard","meta":[],"categories":[2],"tags":[],"acf":[],"_links":{"self":[{"href":"https:\/\/colimdo.org\/wp-api\/wp\/v2\/posts\/50759"}],"collection":[{"href":"https:\/\/colimdo.org\/wp-api\/wp\/v2\/posts"}],"about":[{"href":"https:\/\/colimdo.org\/wp-api\/wp\/v2\/types\/post"}],"author":[{"embeddable":true,"href":"https:\/\/colimdo.org\/wp-api\/wp\/v2\/users\/13"}],"replies":[{"embeddable":true,"href":"https:\/\/colimdo.org\/wp-api\/wp\/v2\/comments?post=50759"}],"version-history":[{"count":1,"href":"https:\/\/colimdo.org\/wp-api\/wp\/v2\/posts\/50759\/revisions"}],"predecessor-version":[{"id":50761,"href":"https:\/\/colimdo.org\/wp-api\/wp\/v2\/posts\/50759\/revisions\/50761"}],"wp:featuredmedia":[{"embeddable":true,"href":"https:\/\/colimdo.org\/wp-api\/wp\/v2\/media\/50760"}],"wp:attachment":[{"href":"https:\/\/colimdo.org\/wp-api\/wp\/v2\/media?parent=50759"}],"wp:term":[{"taxonomy":"category","embeddable":true,"href":"https:\/\/colimdo.org\/wp-api\/wp\/v2\/categories?post=50759"},{"taxonomy":"post_tag","embeddable":true,"href":"https:\/\/colimdo.org\/wp-api\/wp\/v2\/tags?post=50759"}],"curies":[{"name":"wp","href":"https:\/\/api.w.org\/{rel}","templated":true}]}}