{"id":50777,"date":"2019-03-27T03:50:07","date_gmt":"2019-03-27T03:50:07","guid":{"rendered":"https:\/\/colimdo.org\/?p=50777"},"modified":"2019-03-27T03:50:07","modified_gmt":"2019-03-27T03:50:07","slug":"fernando-tatis-jr-incluido-roster-padres","status":"publish","type":"post","link":"https:\/\/colimdo.org\/noticias\/fernando-tatis-jr-incluido-roster-padres\/","title":{"rendered":"Fernando Tatis Jr. incluido en el roster de Padres"},"content":{"rendered":"<p>El torpedero dominicano Fernando Tatis Jr., considerado el prospecto n\u00famero uno de los Padres y el n\u00famero dos de Grandes Ligas, estar\u00e1 en el roster de San Diego para el D\u00eda Inaugural, seg\u00fan un informe de The Athletic.<\/p>\n<p>El club no ha confirmado el movimiento.<\/p>\n<p>Tatis, quien naci\u00f3 en enero de 1999, tendr\u00e1 20 a\u00f1os y 85 d\u00edas de edad en el D\u00eda Inaugural. Ser\u00eda el jugador m\u00e1s joven que ve acci\u00f3n en un D\u00eda Inaugural desde que lo hizo el dominicano Adri\u00e1n Beltr\u00e9 en 1999 a sus 19 a\u00f1os y 363 d\u00edas de edad.<\/p>\n<p>LasMayores.com<\/p>\n","protected":false},"excerpt":{"rendered":"<p>El torpedero dominicano Fernando Tatis Jr., considerado el prospecto n\u00famero uno de los Padres y el n\u00famero dos de Grandes Ligas, estar\u00e1 en el roster de San Diego para el D\u00eda Inaugural, seg\u00fan un informe de The Athletic. El club no ha confirmado el movimiento. Tatis, quien naci\u00f3 en enero de 1999, tendr\u00e1 20 a\u00f1os [&hellip;]<\/p>\n","protected":false},"author":9,"featured_media":50778,"comment_status":"closed","ping_status":"closed","sticky":false,"template":"","format":"standard","meta":[],"categories":[2,60],"tags":[],"acf":[],"_links":{"self":[{"href":"https:\/\/colimdo.org\/wp-api\/wp\/v2\/posts\/50777"}],"collection":[{"href":"https:\/\/colimdo.org\/wp-api\/wp\/v2\/posts"}],"about":[{"href":"https:\/\/colimdo.org\/wp-api\/wp\/v2\/types\/post"}],"author":[{"embeddable":true,"href":"https:\/\/colimdo.org\/wp-api\/wp\/v2\/users\/9"}],"replies":[{"embeddable":true,"href":"https:\/\/colimdo.org\/wp-api\/wp\/v2\/comments?post=50777"}],"version-history":[{"count":1,"href":"https:\/\/colimdo.org\/wp-api\/wp\/v2\/posts\/50777\/revisions"}],"predecessor-version":[{"id":50779,"href":"https:\/\/colimdo.org\/wp-api\/wp\/v2\/posts\/50777\/revisions\/50779"}],"wp:featuredmedia":[{"embeddable":true,"href":"https:\/\/colimdo.org\/wp-api\/wp\/v2\/media\/50778"}],"wp:attachment":[{"href":"https:\/\/colimdo.org\/wp-api\/wp\/v2\/media?parent=50777"}],"wp:term":[{"taxonomy":"category","embeddable":true,"href":"https:\/\/colimdo.org\/wp-api\/wp\/v2\/categories?post=50777"},{"taxonomy":"post_tag","embeddable":true,"href":"https:\/\/colimdo.org\/wp-api\/wp\/v2\/tags?post=50777"}],"curies":[{"name":"wp","href":"https:\/\/api.w.org\/{rel}","templated":true}]}}