{"id":50781,"date":"2019-03-27T14:38:58","date_gmt":"2019-03-27T14:38:58","guid":{"rendered":"https:\/\/colimdo.org\/?p=50781"},"modified":"2019-03-27T14:38:58","modified_gmt":"2019-03-27T14:38:58","slug":"muere-uno-los-sobreviviente-la-tragedia-chapecoense","status":"publish","type":"post","link":"https:\/\/colimdo.org\/noticias\/muere-uno-los-sobreviviente-la-tragedia-chapecoense\/","title":{"rendered":"Muere uno de los sobreviviente de la tragedia de Chapecoense"},"content":{"rendered":"<p>EFE. El periodista Rafael Henzel, sobreviviente de la tragedia a\u00e9rea del plantel de Chapecoense en 2016, muri\u00f3 este martes tras sufrir un infarto mientras disputaba un partido de f\u00fatbol con sus amigos, informaron fuentes del club brasile\u00f1o.<\/p>\n<p>Henzel fue uno de los seis supervivientes de la tragedia a\u00e9rea ocurrida en noviembre de 2016, cuando el avi\u00f3n en el que viajaba el Chapecoense se estrell\u00f3 a 17 kil\u00f3metros de llegar al aeropuerto Jos\u00e9 Mar\u00eda C\u00f3rdova, cerca de Medell\u00edn.<\/p>\n<p>El equipo se dirig\u00eda a Colombia para jugar ante el Atl\u00e9tico Nacional la final de la Copa Sudamericana 2016 y Henzel viajaba en el avi\u00f3n junto con el plantel para cubrir el hist\u00f3rico partido.<\/p>\n<p>En la tragedia murieron 71 de las 77 personas que se encontraban en la aeronave de la aerol\u00ednea boliviana Lamia.<\/p>\n<p>El Chapecoense record\u00f3 en un mensaje en Twitter la &#8220;brillante carrera&#8221; del periodista, quien &#8220;narr\u00f3, de forma excepcional, la historia del club&#8221;.<\/p>\n<p>&#8220;Se convirti\u00f3 en un s\u00edmbolo de la reconstrucci\u00f3n del club y, en las p\u00e1ginas verdes y blancas de esta instituci\u00f3n, siempre habr\u00e1 un recuerdo de su ejemplo de superaci\u00f3n y de todo lo que hizo, con amor, por el equipo, por la ciudad de Chapec\u00f3 y por todos los aficionados del f\u00fatbol&#8221;, agreg\u00f3 el Chapecoense.<\/p>\n","protected":false},"excerpt":{"rendered":"<p>Henzel fue uno de los seis supervivientes de la tragedia a\u00e9rea ocurrida en noviembre de 2016, cuando el avi\u00f3n en el que viajaba el Chapecoense se estrell\u00f3 a 17 kil\u00f3metros de llegar al aeropuerto Jos\u00e9 Mar\u00eda C\u00f3rdova, cerca de Medell\u00edn.<\/p>\n","protected":false},"author":16,"featured_media":50782,"comment_status":"closed","ping_status":"closed","sticky":false,"template":"","format":"standard","meta":[],"categories":[2,60],"tags":[],"acf":[],"_links":{"self":[{"href":"https:\/\/colimdo.org\/wp-api\/wp\/v2\/posts\/50781"}],"collection":[{"href":"https:\/\/colimdo.org\/wp-api\/wp\/v2\/posts"}],"about":[{"href":"https:\/\/colimdo.org\/wp-api\/wp\/v2\/types\/post"}],"author":[{"embeddable":true,"href":"https:\/\/colimdo.org\/wp-api\/wp\/v2\/users\/16"}],"replies":[{"embeddable":true,"href":"https:\/\/colimdo.org\/wp-api\/wp\/v2\/comments?post=50781"}],"version-history":[{"count":1,"href":"https:\/\/colimdo.org\/wp-api\/wp\/v2\/posts\/50781\/revisions"}],"predecessor-version":[{"id":50783,"href":"https:\/\/colimdo.org\/wp-api\/wp\/v2\/posts\/50781\/revisions\/50783"}],"wp:featuredmedia":[{"embeddable":true,"href":"https:\/\/colimdo.org\/wp-api\/wp\/v2\/media\/50782"}],"wp:attachment":[{"href":"https:\/\/colimdo.org\/wp-api\/wp\/v2\/media?parent=50781"}],"wp:term":[{"taxonomy":"category","embeddable":true,"href":"https:\/\/colimdo.org\/wp-api\/wp\/v2\/categories?post=50781"},{"taxonomy":"post_tag","embeddable":true,"href":"https:\/\/colimdo.org\/wp-api\/wp\/v2\/tags?post=50781"}],"curies":[{"name":"wp","href":"https:\/\/api.w.org\/{rel}","templated":true}]}}