{"id":50784,"date":"2019-03-27T15:06:32","date_gmt":"2019-03-27T15:06:32","guid":{"rendered":"https:\/\/colimdo.org\/?p=50784"},"modified":"2019-03-27T15:06:32","modified_gmt":"2019-03-27T15:06:32","slug":"santiago-conquista-torneo-nacional-karate-celebrado-la-vega","status":"publish","type":"post","link":"https:\/\/colimdo.org\/noticias\/santiago-conquista-torneo-nacional-karate-celebrado-la-vega\/","title":{"rendered":"Santiago conquista Torneo Nacional de K\u00e1rate celebrado en La Vega"},"content":{"rendered":"<p>La Vega.- La selecci\u00f3n de Santiago gan\u00f3 14 medallas de oro, 10 de plata y 10 de bronce, para sumar 110 puntos y convertirse en la gran ganadora de la versi\u00f3n 34 del Torneo Nacional de K\u00e1rate celebrado este fin de semana en el bajo techo Fernando Teruel de esa ciudad, avalado por la Federaci\u00f3n Dominicana de K\u00e1rate.<\/p>\n<p align=\"justify\">Los atletas de Santiago lograron alzarse con la Copa Familia Valdez Jim\u00e9nez, residente en Boston (EE.UU.), que fue parte de los patrocinadores de la competici\u00f3n, organizada por la Asociaci\u00f3n de K\u00e1rate de La Vega que preside el profesor F\u00e9lix Moronta.<\/p>\n<p align=\"justify\">Asimismo, el equipo vegano se hizo con la Copa Induveca tras acumular 11 oros, 10 platas y 7 bronces; en tanto la selecci\u00f3n de la sede central de la Universidad Aut\u00f3noma de Santo Domingo (UASD) alz\u00f3 la Copa Ayuntamiento de La Vega cuando sum\u00f3 9 medallas de oro, 10 de plata y 17 de bronce.<\/p>\n<p align=\"justify\">Otro equipo destacado en el torneo fue el del municipio Santo Domingo Oeste, que tras ganar 7 preseas de oro, 6 de plata y 7 de bronce, recibi\u00f3 la Copa Ministerio de Deportes, donada por el ministro Danilo D\u00edaz, y el viceministro Emmanuel Trinidad.<\/p>\n<p align=\"justify\">Al t\u00e9rmino de la competici\u00f3n, Moronta agradeci\u00f3 la nutrida participaci\u00f3n de atletas de ambos sexos de varias provincias y municipios del pa\u00eds, as\u00ed como el respaldo ofrecido por los patrocinadores, quienes han hecho posible que el torneo se celebre durante 34 a\u00f1os consecutivos.<\/p>\n<p align=\"justify\">Entre estos \u00faltimos mencion\u00f3 a Miderec, Induveca, Five Star, Cervecer\u00eda Vegana, Agua Rangel, Centro de Gomas Bello, Font Gamundi, Pollo Coave, Ventanas Las Originales, adem\u00e1s de personalidades como el alcalde vegano, Kelvin Cruz, la familia Valdez Jim\u00e9nez, Alfredo Reyes, el doctor Apolinar S\u00e1nchez, Luis Rosa, Jefrey Mel\u00e9ndez, Fernando Dom\u00ednguez, Goby Moya, Jos\u00e9 Luis Ramos, Yovanny Hern\u00e1ndez, Juan P\u00e9rez y el maestro de ceremonias Edison Adames.<\/p>\n","protected":false},"excerpt":{"rendered":"<p>Los atletas de Santiago lograron alzarse con la Copa Familia Valdez Jim\u00e9nez, residente en Boston (EE.UU.), que fue parte de los patrocinadores de la competici\u00f3n, organizada por la Asociaci\u00f3n de K\u00e1rate de La Vega que preside el profesor F\u00e9lix Moronta.<\/p>\n","protected":false},"author":16,"featured_media":50785,"comment_status":"closed","ping_status":"closed","sticky":false,"template":"","format":"standard","meta":[],"categories":[2,60],"tags":[],"acf":[],"_links":{"self":[{"href":"https:\/\/colimdo.org\/wp-api\/wp\/v2\/posts\/50784"}],"collection":[{"href":"https:\/\/colimdo.org\/wp-api\/wp\/v2\/posts"}],"about":[{"href":"https:\/\/colimdo.org\/wp-api\/wp\/v2\/types\/post"}],"author":[{"embeddable":true,"href":"https:\/\/colimdo.org\/wp-api\/wp\/v2\/users\/16"}],"replies":[{"embeddable":true,"href":"https:\/\/colimdo.org\/wp-api\/wp\/v2\/comments?post=50784"}],"version-history":[{"count":1,"href":"https:\/\/colimdo.org\/wp-api\/wp\/v2\/posts\/50784\/revisions"}],"predecessor-version":[{"id":50786,"href":"https:\/\/colimdo.org\/wp-api\/wp\/v2\/posts\/50784\/revisions\/50786"}],"wp:featuredmedia":[{"embeddable":true,"href":"https:\/\/colimdo.org\/wp-api\/wp\/v2\/media\/50785"}],"wp:attachment":[{"href":"https:\/\/colimdo.org\/wp-api\/wp\/v2\/media?parent=50784"}],"wp:term":[{"taxonomy":"category","embeddable":true,"href":"https:\/\/colimdo.org\/wp-api\/wp\/v2\/categories?post=50784"},{"taxonomy":"post_tag","embeddable":true,"href":"https:\/\/colimdo.org\/wp-api\/wp\/v2\/tags?post=50784"}],"curies":[{"name":"wp","href":"https:\/\/api.w.org\/{rel}","templated":true}]}}