{"id":50787,"date":"2019-03-27T15:24:39","date_gmt":"2019-03-27T15:24:39","guid":{"rendered":"https:\/\/colimdo.org\/?p=50787"},"modified":"2019-03-27T15:24:39","modified_gmt":"2019-03-27T15:24:39","slug":"condena-ocho-anos-prision-hombre-apunalo-la-tenista-kvitova","status":"publish","type":"post","link":"https:\/\/colimdo.org\/noticias\/condena-ocho-anos-prision-hombre-apunalo-la-tenista-kvitova\/","title":{"rendered":"Condena a ocho a\u00f1os de prisi\u00f3n a hombre que apu\u00f1al\u00f3 a la tenista Kvitova"},"content":{"rendered":"<p class=\"canvas-atom canvas-text Mb(1.0em) Mb(0)--sm Mt(0.8em)--sm\">PRAGA (Reuters) &#8211; El hombre que apu\u00f1al\u00f3 a la tenista Petra Kvitova, dos veces campeona de Wimbledon, fue condenado el martes a ocho a\u00f1os de prisi\u00f3n por un tribunal checo.<\/p>\n<p class=\"canvas-atom canvas-text Mb(1.0em) Mb(0)--sm Mt(0.8em)--sm\">Kvitova sufri\u00f3 heridas severas en su mano izquierda producto de un forcejeo con el hombre, identificado por la corte como Radim Zondra, en su apartamento durante el ataque ocurrido en diciembre de 2016.<\/p>\n<p class=\"canvas-atom canvas-text Mb(1.0em) Mb(0)--sm Mt(0.8em)--sm\">Cuando Kvitova testific\u00f3 en febrero, dijo que hab\u00eda &#8220;sangre por todas partes&#8221; y que reconoci\u00f3 al atacante inmediatamente en las fotograf\u00edas de la polic\u00eda por sus ojos.<\/p>\n<p class=\"canvas-atom canvas-text Mb(1.0em) Mb(0)--sm Mt(0.8em)--sm\">Kvitova, n\u00famero dos del mundo de la WTA, regres\u00f3 al tenis profesional en mayo de 2017, coronando su vuelta 18 meses despu\u00e9s con su primera aparici\u00f3n en la final del Abierto de Australia 2019.<\/p>\n","protected":false},"excerpt":{"rendered":"<p>Kvitova sufri\u00f3 heridas severas en su mano izquierda producto de un forcejeo con el hombre, identificado por la corte como Radim Zondra, en su apartamento durante el ataque ocurrido en diciembre de 2016.<\/p>\n","protected":false},"author":16,"featured_media":50788,"comment_status":"closed","ping_status":"closed","sticky":false,"template":"","format":"standard","meta":[],"categories":[2,60],"tags":[],"acf":[],"_links":{"self":[{"href":"https:\/\/colimdo.org\/wp-api\/wp\/v2\/posts\/50787"}],"collection":[{"href":"https:\/\/colimdo.org\/wp-api\/wp\/v2\/posts"}],"about":[{"href":"https:\/\/colimdo.org\/wp-api\/wp\/v2\/types\/post"}],"author":[{"embeddable":true,"href":"https:\/\/colimdo.org\/wp-api\/wp\/v2\/users\/16"}],"replies":[{"embeddable":true,"href":"https:\/\/colimdo.org\/wp-api\/wp\/v2\/comments?post=50787"}],"version-history":[{"count":1,"href":"https:\/\/colimdo.org\/wp-api\/wp\/v2\/posts\/50787\/revisions"}],"predecessor-version":[{"id":50789,"href":"https:\/\/colimdo.org\/wp-api\/wp\/v2\/posts\/50787\/revisions\/50789"}],"wp:featuredmedia":[{"embeddable":true,"href":"https:\/\/colimdo.org\/wp-api\/wp\/v2\/media\/50788"}],"wp:attachment":[{"href":"https:\/\/colimdo.org\/wp-api\/wp\/v2\/media?parent=50787"}],"wp:term":[{"taxonomy":"category","embeddable":true,"href":"https:\/\/colimdo.org\/wp-api\/wp\/v2\/categories?post=50787"},{"taxonomy":"post_tag","embeddable":true,"href":"https:\/\/colimdo.org\/wp-api\/wp\/v2\/tags?post=50787"}],"curies":[{"name":"wp","href":"https:\/\/api.w.org\/{rel}","templated":true}]}}