{"id":50793,"date":"2019-03-27T17:04:53","date_gmt":"2019-03-27T17:04:53","guid":{"rendered":"https:\/\/colimdo.org\/?p=50793"},"modified":"2019-03-27T17:06:04","modified_gmt":"2019-03-27T17:06:04","slug":"guerrero-jr-avanza-mas-rapido-lo-previsto-lesion","status":"publish","type":"post","link":"https:\/\/colimdo.org\/noticias\/guerrero-jr-avanza-mas-rapido-lo-previsto-lesion\/","title":{"rendered":"Vladimir Guerrero Jr. avanza m\u00e1s r\u00e1pido de lo previsto de su lesi\u00f3n"},"content":{"rendered":"<div class=\"article-item__meta-container\">\n<div class=\"article-item__share-container\">\n<div class=\"p-share p-share-- article-item__share\" data-cid=\"\" data-headline=\"Guerrero Jr. avanza m\u00e1s r\u00e1pido de lo previsto\" data-link=\"https:\/\/www.mlb.com\/es\/news\/guerrero-jr-avanza-mas-rapido-de-lo-previsto\" data-twitter-handle=\"LasMayores\" data-tracking-prefix=\"article\" data-print=\"https:\/\/www.mlb.com\/es\/news\/guerrero-jr-avanza-mas-rapido-de-lo-previsto\/print\">\n<div class=\"p-share__buttons-container\">\n<p>MLB. El capataz de los Azulejos, el boricua Charlie Montoyo, anunci\u00f3 que el prospecto dominicano Vladimir Guerrero Jr. ha progresado m\u00e1s r\u00e1pido de lo previsto tras sufrir una lesi\u00f3n en un m\u00fasculo oblicuo durante los entrenamientos.<\/p>\n<\/div>\n<\/div>\n<\/div>\n<\/div>\n<div class=\"article-item__bottom\">\n<div class=\"article-item__body\">\n<p>\u201cEst\u00e1 haciendo swings, as\u00ed que le va bien\u201d, dijo Montoyo. \u201c(El pr\u00f3ximo paso) ser\u00e1 disputar juegos. Todav\u00eda no s\u00e9 cu\u00e1ndo. Vamos a tomarlo con calma, pero la lesi\u00f3n no fue severa, por lo que ya est\u00e1 haciendo swings. Va m\u00e1s r\u00e1pido de lo que se pensaba\u201d.<\/p>\n<p>Antes de hacer su esperado debut de Grandes Ligas, Guerrero Jr. primero disputar\u00e1 juegos en los entrenamientos extendidos y posteriormente se incorporar\u00e1 a la novena de Triple-A B\u00fafalo.<\/p>\n<p>\u201cCuando est\u00e9 listo para jugar, ir\u00e1 a B\u00fafalo a jugar, eso es seguro\u201d, dijo Montoyo.<\/p>\n<\/div>\n<\/div>\n","protected":false},"excerpt":{"rendered":"<p>El capataz de los Azulejos, el boricua Charlie Montoyo, anunci\u00f3 que el prospecto dominicano Vladimir Guerrero Jr. ha progresado m\u00e1s r\u00e1pido de lo previsto tras sufrir una lesi\u00f3n en un m\u00fasculo oblicuo durante los entrenamientos.<\/p>\n","protected":false},"author":16,"featured_media":50794,"comment_status":"closed","ping_status":"closed","sticky":false,"template":"","format":"standard","meta":[],"categories":[2,60],"tags":[],"acf":[],"_links":{"self":[{"href":"https:\/\/colimdo.org\/wp-api\/wp\/v2\/posts\/50793"}],"collection":[{"href":"https:\/\/colimdo.org\/wp-api\/wp\/v2\/posts"}],"about":[{"href":"https:\/\/colimdo.org\/wp-api\/wp\/v2\/types\/post"}],"author":[{"embeddable":true,"href":"https:\/\/colimdo.org\/wp-api\/wp\/v2\/users\/16"}],"replies":[{"embeddable":true,"href":"https:\/\/colimdo.org\/wp-api\/wp\/v2\/comments?post=50793"}],"version-history":[{"count":2,"href":"https:\/\/colimdo.org\/wp-api\/wp\/v2\/posts\/50793\/revisions"}],"predecessor-version":[{"id":50796,"href":"https:\/\/colimdo.org\/wp-api\/wp\/v2\/posts\/50793\/revisions\/50796"}],"wp:featuredmedia":[{"embeddable":true,"href":"https:\/\/colimdo.org\/wp-api\/wp\/v2\/media\/50794"}],"wp:attachment":[{"href":"https:\/\/colimdo.org\/wp-api\/wp\/v2\/media?parent=50793"}],"wp:term":[{"taxonomy":"category","embeddable":true,"href":"https:\/\/colimdo.org\/wp-api\/wp\/v2\/categories?post=50793"},{"taxonomy":"post_tag","embeddable":true,"href":"https:\/\/colimdo.org\/wp-api\/wp\/v2\/tags?post=50793"}],"curies":[{"name":"wp","href":"https:\/\/api.w.org\/{rel}","templated":true}]}}