{"id":50797,"date":"2019-03-27T17:21:32","date_gmt":"2019-03-27T17:21:32","guid":{"rendered":"https:\/\/colimdo.org\/?p=50797"},"modified":"2019-03-27T17:21:32","modified_gmt":"2019-03-27T17:21:32","slug":"atletas-rd-compiten-desde-este-jueves-florida-relays-atletismo","status":"publish","type":"post","link":"https:\/\/colimdo.org\/noticias\/atletas-rd-compiten-desde-este-jueves-florida-relays-atletismo\/","title":{"rendered":"Atletas RD compiten desde este jueves en el Florida Relays de atletismo"},"content":{"rendered":"<p class=\"x_MsoNormal\"><b>SANTO DOMINGO<\/b>. Varios atletas dominicanos viajaron a Miami, para competir en el Florida Relays los d\u00edas 28, 29 y 30 de este mes.<\/p>\n<p class=\"x_MsoNormal\">Los deportistas Lidio F\u00e9liz, Andito Charles, Leonel Bon\u00f3n, Luis Charles, Milagros Dur\u00e1n, Ana Jos\u00e9 Tim\u00e1 y Mar\u00eda Fernanda Matos hicieron el viaje en compa\u00f1\u00eda de la delegada t\u00e9cnica C\u00e1ndida Asencio y del entrenador, el doble medallista ol\u00edmpico F\u00e9lix S\u00e1nchez.<\/p>\n<p class=\"x_MsoNormal\">En Miami se unieron al primer grupo de atletas que se encuentra en esa ciudad de los Estados Unidos realizando una base de entrenamiento como preparaci\u00f3n para los Juegos Panamericanos de Lima 2019, que tendr\u00e1n lugar en Per\u00fa del 26 de julio al 11 de agosto.<\/p>\n<p class=\"x_MsoNormal\">Gerardo Suero Correa, presidente de la Federaci\u00f3n Dominicana de Asociaciones de Atletismo (FDAA), indic\u00f3 que los primeros atletas que viajaron a Miami, Yancarlos Mart\u00ednez, Christopher Valdez, Yohandris And\u00fajar, Stanly del Carmen y Marileidy Paulino, tambi\u00e9n competir\u00e1n desde este jueves en el Florida Relays.<\/p>\n<p class=\"x_MsoNormal\">Precis\u00f3 que el grupo que viaj\u00f3 el martes regresar\u00e1 al pa\u00eds al final del evento, mientras que el resto lo har\u00e1 a finales de abril, despu\u00e9s de competir en el Invitacional Univertity Of Florida, el d\u00eda 20 y durante el 26 y 27 en el Tom Jones Memorial de la Universidad de Florida.<\/p>\n<p class=\"x_MsoNormal\">\u201cLa asistencia de nuestros atletas a esos eventos es parte de la continuidad y preparaci\u00f3n en la b\u00fasqueda de las marcas para los Panamericanos de Lima, as\u00ed como para los campeonatos U-18 y U23 de Quer\u00e9taro (M\u00e9xico, del 5 al 7 de julio) y el campeonato Continental U20 de Costa Rica (19 al 21 de julio)\u201d, expres\u00f3 Suero Correa.<\/p>\n<p class=\"x_MsoNormal\">Agradeci\u00f3 el consistente apoyo que sigue ofreciendo el Ministerio de Deportes, y su ministro Danilo D\u00edaz, para que el atletismo dominicano pueda cumplir con todos compromisos nacionales e internacionales.<\/p>\n<p class=\"x_MsoNormal\">Finalmente, record\u00f3 que los atletas que est\u00e1n en Miami son de velocidad, a excepci\u00f3n de Ana Tim\u00e1, quien compite en salto largo y triple, respectivamente. Yancarlos lo hace en 100, 200 metros planos y forma parte del relevo 4&#215;100.<\/p>\n<p class=\"x_MsoNormal\">De su parte, Valdez, And\u00fajar, De Oleo y Del Carmen competir\u00e1n en 100 metros lisos en el relevo 4&#215;100; mientras que en 400 metros y el relevo 4&#215;400 lo har\u00e1n F\u00e9liz, Charles, Bon\u00f3n y Luis Charles.<\/p>\n<p class=\"x_MsoNormal\">Dur\u00e1n ir\u00e1 en 200 y 400 metros, mientras que Matos actuar\u00e1 en 400 lisos y 400 con vallas.<\/p>\n","protected":false},"excerpt":{"rendered":"<p>Los deportistas Lidio F\u00e9liz, Andito Charles, Leonel Bon\u00f3n, Luis Charles, Milagros Dur\u00e1n, Ana Jos\u00e9 Tim\u00e1 y Mar\u00eda Fernanda Matos hicieron el viaje en compa\u00f1\u00eda de la delegada t\u00e9cnica C\u00e1ndida Asencio y del entrenador, el doble medallista ol\u00edmpico F\u00e9lix S\u00e1nchez.<\/p>\n","protected":false},"author":16,"featured_media":50798,"comment_status":"closed","ping_status":"closed","sticky":false,"template":"","format":"standard","meta":[],"categories":[2,60],"tags":[],"acf":[],"_links":{"self":[{"href":"https:\/\/colimdo.org\/wp-api\/wp\/v2\/posts\/50797"}],"collection":[{"href":"https:\/\/colimdo.org\/wp-api\/wp\/v2\/posts"}],"about":[{"href":"https:\/\/colimdo.org\/wp-api\/wp\/v2\/types\/post"}],"author":[{"embeddable":true,"href":"https:\/\/colimdo.org\/wp-api\/wp\/v2\/users\/16"}],"replies":[{"embeddable":true,"href":"https:\/\/colimdo.org\/wp-api\/wp\/v2\/comments?post=50797"}],"version-history":[{"count":1,"href":"https:\/\/colimdo.org\/wp-api\/wp\/v2\/posts\/50797\/revisions"}],"predecessor-version":[{"id":50799,"href":"https:\/\/colimdo.org\/wp-api\/wp\/v2\/posts\/50797\/revisions\/50799"}],"wp:featuredmedia":[{"embeddable":true,"href":"https:\/\/colimdo.org\/wp-api\/wp\/v2\/media\/50798"}],"wp:attachment":[{"href":"https:\/\/colimdo.org\/wp-api\/wp\/v2\/media?parent=50797"}],"wp:term":[{"taxonomy":"category","embeddable":true,"href":"https:\/\/colimdo.org\/wp-api\/wp\/v2\/categories?post=50797"},{"taxonomy":"post_tag","embeddable":true,"href":"https:\/\/colimdo.org\/wp-api\/wp\/v2\/tags?post=50797"}],"curies":[{"name":"wp","href":"https:\/\/api.w.org\/{rel}","templated":true}]}}