{"id":50800,"date":"2019-03-27T17:38:34","date_gmt":"2019-03-27T17:38:34","guid":{"rendered":"https:\/\/colimdo.org\/?p=50800"},"modified":"2019-03-27T17:38:34","modified_gmt":"2019-03-27T17:38:34","slug":"novenario-don-luis-mejia-castillo-sera-este-jueves","status":"publish","type":"post","link":"https:\/\/colimdo.org\/noticias\/novenario-don-luis-mejia-castillo-sera-este-jueves\/","title":{"rendered":"Novenario de don Luis Mej\u00eda Castillo ser\u00e1 este jueves"},"content":{"rendered":"<p class=\"x_ydpd1ea483dx_ydp3d2a9ceeyiv3825768172ydp90aa23e0msonormal\"><span lang=\"ES-TRAD\">SANTO DOMINGO.- El novenario del don Luis Mej\u00eda Castillo, padre del licenciado Luis Mej\u00eda Oviedo, presidente del Comit\u00e9 Ol\u00edmpico Dominicano, ser\u00e1 realizado este jueves, 28 de marzo.<\/span><\/p>\n<p class=\"x_ydpd1ea483dx_ydp3d2a9ceeyiv3825768172ydp90aa23e0msonormal\"><span lang=\"ES-TRAD\">El mismo se llevar\u00e1 a cabo en la parroquia Jes\u00fas Maestro del sector Mirador Sur, a las 6:00 de la tarde. Dicha parroquia est\u00e1 ubicada en la calle Jes\u00fas Maestro, n\u00famero 5, Mirador Sur.<\/span><\/p>\n<p class=\"x_ydpd1ea483dx_ydp3d2a9ceeyiv3825768172ydp90aa23e0msonormal\"><span lang=\"ES-TRAD\">El se\u00f1or Mej\u00eda Castillo falleci\u00f3 el pasado martes, 19 de marzo y fue sepultado el mi\u00e9rcoles, 20 de marzo en el cementerio Puerta del Cielo.<\/span><\/p>\n<p class=\"x_ydpd1ea483dx_ydp3d2a9ceeyiv3825768172ydp90aa23e0msonormal\"><span lang=\"ES-TRAD\">El deceso de don Mej\u00eda Castillo se produjo en su hogar, en esta capital, a la edad 91 a\u00f1os.<\/span><\/p>\n","protected":false},"excerpt":{"rendered":"<p>El novenario se llevar\u00e1 a cabo en la parroquia Jes\u00fas Maestro del sector Mirador Sur, a las 6:00 de la tarde. Dicha parroquia est\u00e1 ubicada en la calle Jes\u00fas Maestro, n\u00famero 5, Mirador Sur.<\/p>\n","protected":false},"author":16,"featured_media":50709,"comment_status":"closed","ping_status":"closed","sticky":false,"template":"","format":"standard","meta":[],"categories":[2,60],"tags":[],"acf":[],"_links":{"self":[{"href":"https:\/\/colimdo.org\/wp-api\/wp\/v2\/posts\/50800"}],"collection":[{"href":"https:\/\/colimdo.org\/wp-api\/wp\/v2\/posts"}],"about":[{"href":"https:\/\/colimdo.org\/wp-api\/wp\/v2\/types\/post"}],"author":[{"embeddable":true,"href":"https:\/\/colimdo.org\/wp-api\/wp\/v2\/users\/16"}],"replies":[{"embeddable":true,"href":"https:\/\/colimdo.org\/wp-api\/wp\/v2\/comments?post=50800"}],"version-history":[{"count":1,"href":"https:\/\/colimdo.org\/wp-api\/wp\/v2\/posts\/50800\/revisions"}],"predecessor-version":[{"id":50801,"href":"https:\/\/colimdo.org\/wp-api\/wp\/v2\/posts\/50800\/revisions\/50801"}],"wp:featuredmedia":[{"embeddable":true,"href":"https:\/\/colimdo.org\/wp-api\/wp\/v2\/media\/50709"}],"wp:attachment":[{"href":"https:\/\/colimdo.org\/wp-api\/wp\/v2\/media?parent=50800"}],"wp:term":[{"taxonomy":"category","embeddable":true,"href":"https:\/\/colimdo.org\/wp-api\/wp\/v2\/categories?post=50800"},{"taxonomy":"post_tag","embeddable":true,"href":"https:\/\/colimdo.org\/wp-api\/wp\/v2\/tags?post=50800"}],"curies":[{"name":"wp","href":"https:\/\/api.w.org\/{rel}","templated":true}]}}