{"id":50802,"date":"2019-03-27T17:46:32","date_gmt":"2019-03-27T17:46:32","guid":{"rendered":"https:\/\/colimdo.org\/?p=50802"},"modified":"2019-03-27T17:46:32","modified_gmt":"2019-03-27T17:46:32","slug":"dominicano-machado-lleva-la-manny-mania-san-diego","status":"publish","type":"post","link":"https:\/\/colimdo.org\/noticias\/dominicano-machado-lleva-la-manny-mania-san-diego\/","title":{"rendered":"Dominicano Machado lleva la Manny Man\u00eda a San Diego"},"content":{"rendered":"<p>SAN DIEGO &#8212; Cuando empez\u00f3 a filtrarse la firma de Manny Machado por 300 millones de d\u00f3lares y 10 a\u00f1os con los Padres de San Diego en los albores de la pretemporada, los ejecutivos del equipo respondieron con la habitual advertencia de que el acuerdo no estaba del todo cerrado debido a que el astro a\u00fan no hab\u00eda cumplido con el tr\u00e1mite del reconocimiento m\u00e9dico.<\/p>\n<p>Pero ello no impidi\u00f3 que Peter Seidler, el inversionista principal del equipo y sobrino del ex due\u00f1o de los Dodgers Pete O&#8217;Malley, no tuviera reparos en se\u00f1alar que el fichaje de Machado significaba ser un fichaje monumental para un equipo que mayormente ha transitado en la mediocridad en sus 50 a\u00f1os de historia.<\/p>\n<p>Mientras que el director ejecutivo Ron Fowler manten\u00eda una expresi\u00f3n serie en una improvisada rueda de prensa, Seidler no paraba de sonre\u00edr. Esencialmente confirmaba que, s\u00ed, los Padres hab\u00edan concretado la contrataci\u00f3n m\u00e1s impactante de su historia.<\/p>\n<p>&#8220;Ron y yo, adoramos la ciudad de San Diego, adoramos el deporte de San Diego, pero tambi\u00e9n sabemos de la historia. Nunca ha habido un campeonato de una franquicia profesional en San Diego&#8221;, dijo Seidler. &#8220;Nosotros como organizaci\u00f3n queremos cambiar eso. Queremos que nuestra franquicia gane a\u00f1o tras a\u00f1o&#8221;.<\/p>\n<p>Resta por ver c\u00f3mo la adici\u00f3n de Machado acelerar\u00e1 el proyecto de los Padres por convertirse en un rival de primera l\u00ednea. Al menos, hace que los Padres sean un equipo relevante tras tantas campa\u00f1as a la deriva. No se clasifican a los playoffs desde 2006 y la de 2010 fue la \u00faltima temporada en la que tuvieron un balance positivo. Vienen de perder 96 juegos.<\/p>\n<p>La presencia del tercera base dominicano transmite un mensaje de que los Padres creen que su fecunda cantera en las menores est\u00e1 cerca de llevarles a ser un equipo que dar\u00e1 pelea.<\/p>\n<p>Machado ser\u00e1 la gran atracci\u00f3n en el Petco Park, una joya de estadio a la orilla de la Bah\u00eda de San Diego.<\/p>\n<p>&#8220;Con estos jugadores, coaches y gerencia, era el sitio ideal para nosotros&#8221;, dijo Machado.<\/p>\n<p>Sus sufridos fan\u00e1ticos, de toda una vida, han estado exultantes desde entonces. Tendr\u00e1n otra dosis de ilusi\u00f3n con el debut, jugando desde el primer d\u00eda, de otro dominicano: el torpedero Fernando Tatis Jr, el portento que tienen como su mejor prospecto.<\/p>\n<p>Los Padres informaron que la recaudaci\u00f3n por venta de entradas alcanz\u00f3 los 3 millones de d\u00f3lares en las primeras dos semanas tras fichar a Machado. Pero declinaron dar m\u00e1s cifras.<\/p>\n<p>Otros detalles sobre San Diego:<\/p>\n<p><strong>ROSTROS NUEVOS:<\/strong>\u00a0Aparte de Machado, los Padres adquirieron al segunda base Ian Kinsler y al infielder Greg Garc\u00eda, quien estudi\u00f3 secundaria en El Caj\u00f3n y cuyo abuelo, el fallecido Dave Garc\u00eda, fue manager de los Indios y Angelinos.<\/p>\n<p><strong>M\u00c1S NOVATOS:<\/strong>\u00a0El derecho Chris Paddack se destac\u00f3 en la primavera y se gan\u00f3 un puesto en la rotaci\u00f3n. Los Padres deber\u00e1n tener cuidado con sus innings tras lanzar 90 el a\u00f1o pasado al reaparecer tras una cirug\u00eda Tommy John. Otros lanzadores que podr\u00edan debutar este a\u00f1o son el zurdo Logan Allen y el derecho Cal Quantrill.<\/p>\n<p><strong>ORDEN OFENSIVO:<\/strong>\u00a0Kinsler, Eric Hosmer y Machado, que se perfilan para ser los tres primeros en el orden al bate, tienen experiencia en la Serie Mundial. Kinsler fue parte de los Medias Rojas de Boston cuando vencieron a los Dodgers de Machado el pasado oto\u00f1o, y Hosmer gan\u00f3 un anillo con Kansas City en 2015.<\/p>\n<p><strong>DEUDA PENDIENTE:<\/strong>\u00a0Hosmer no estuvo a la altura de las expectativas el a\u00f1o pasado luego que los Padres le dieron un contrato de 144 millones por ocho a\u00f1os. Wil Myers, tras otra campa\u00f1a abreviada por una lesi\u00f3n, vuelve al jard\u00edn central tras una mala experiencia en la antesala el a\u00f1o pasado.<\/p>\n","protected":false},"excerpt":{"rendered":"<p>La presencia del dominicano hace que los Padres sean un equipo relevante tras tantas campa\u00f1as a la deriva.<\/p>\n","protected":false},"author":16,"featured_media":50803,"comment_status":"closed","ping_status":"closed","sticky":false,"template":"","format":"standard","meta":[],"categories":[2,60],"tags":[],"acf":[],"_links":{"self":[{"href":"https:\/\/colimdo.org\/wp-api\/wp\/v2\/posts\/50802"}],"collection":[{"href":"https:\/\/colimdo.org\/wp-api\/wp\/v2\/posts"}],"about":[{"href":"https:\/\/colimdo.org\/wp-api\/wp\/v2\/types\/post"}],"author":[{"embeddable":true,"href":"https:\/\/colimdo.org\/wp-api\/wp\/v2\/users\/16"}],"replies":[{"embeddable":true,"href":"https:\/\/colimdo.org\/wp-api\/wp\/v2\/comments?post=50802"}],"version-history":[{"count":1,"href":"https:\/\/colimdo.org\/wp-api\/wp\/v2\/posts\/50802\/revisions"}],"predecessor-version":[{"id":50804,"href":"https:\/\/colimdo.org\/wp-api\/wp\/v2\/posts\/50802\/revisions\/50804"}],"wp:featuredmedia":[{"embeddable":true,"href":"https:\/\/colimdo.org\/wp-api\/wp\/v2\/media\/50803"}],"wp:attachment":[{"href":"https:\/\/colimdo.org\/wp-api\/wp\/v2\/media?parent=50802"}],"wp:term":[{"taxonomy":"category","embeddable":true,"href":"https:\/\/colimdo.org\/wp-api\/wp\/v2\/categories?post=50802"},{"taxonomy":"post_tag","embeddable":true,"href":"https:\/\/colimdo.org\/wp-api\/wp\/v2\/tags?post=50802"}],"curies":[{"name":"wp","href":"https:\/\/api.w.org\/{rel}","templated":true}]}}