{"id":50811,"date":"2019-03-28T00:30:16","date_gmt":"2019-03-28T00:30:16","guid":{"rendered":"https:\/\/colimdo.org\/?p=50811"},"modified":"2019-03-28T00:31:02","modified_gmt":"2019-03-28T00:31:02","slug":"inefi-aboga-continuidad-actualizacion-procesos-educacion-fisica","status":"publish","type":"post","link":"https:\/\/colimdo.org\/noticias\/inefi-aboga-continuidad-actualizacion-procesos-educacion-fisica\/","title":{"rendered":"INEFI aboga por continuidad y actualizaci\u00f3n procesos Educaci\u00f3n F\u00edsica"},"content":{"rendered":"<p><strong>Santo Domingo<\/strong>.- Bajo el lema \u201cEscuelas Activas, Saludables y Abiertas en el marco de la Revoluci\u00f3n Educativa\u201d, el Instituto Nacional de Educaci\u00f3n F\u00edsica (INEFI) inaugur\u00f3 este mi\u00e9rcoles el III Seminario Internacional de Actividad F\u00edsica y Desarrollo Humano, en el cual se presentan expositores nacionales e internacionales.<\/p>\n<p>M\u00e1s de 300 profesores, t\u00e9cnicos distritales y regionales de educaci\u00f3n f\u00edsica participan en la convenci\u00f3n que se lleva a cabo en los salones del hotel Coral Costa Caribe, en Juan Dolio.<\/p>\n<p>Las palabras centrales del acto estuvieron a cargo del ingeniero Jorge Minaya, director ejecutivo del INEFI, quien explic\u00f3 que la ejecuci\u00f3n del tercer seminario denota dos cosas: \u201ccontinuidad y actualizaci\u00f3n\u201d en los procesos de educaci\u00f3n f\u00edsica.<\/p>\n<p>\u201cCuando veo los rostros de los profesores j\u00f3venes que est\u00e1n aqu\u00ed me lleno de esperanza en el futuro de la educaci\u00f3n f\u00edsica en la Rep\u00fablica Dominicana\u201d, expuso Minaya.<\/p>\n<p>Manifest\u00f3 que la educaci\u00f3n f\u00edsica no solo es una materia que sirve para un obtener un trabajo, sino que es una materia que sirve en los distintos aspectos de la vida, \u201cpara vivir saludable, para formarte como ciudadano\u201d.<\/p>\n<p>Minaya fue acompa\u00f1ado en la mesa de honor por la Secretaria de Educaci\u00f3n de Puerto Rico, Julia Keleher; la vicerrectora del Instituto de Formaci\u00f3n Docente Salom\u00e9 Ure\u00f1a, Cristina Rivas; el director de tanda extendida del Ministerio de Educaci\u00f3n, Geovany Romero, y el subdirector general del INEFI, Nelson Acevedo.<\/p>\n<p>Adem\u00e1s, el viceministro de relaciones interinstitucionales, Jos\u00e9 Eduardo Bogart, en representaci\u00f3n del ministro de Cultura, Eduardo Selman; el presidente de la Asociaci\u00f3n de Educaci\u00f3n F\u00edsica de Puerto Rico, Jos\u00e9 Est\u00e9vez; Ram\u00f3n Aj\u00ed Fari\u00f1as, director de Deporte Escolar de Cuba, y los expositores Sandra Maecha, Carlos Danilo Zapata y Freddie Guardiola.<\/p>\n<p>\u201cEste seminario pretender crear escuelas activas\u201d, expres\u00f3 Acevedo, quien exhort\u00f3 a los presentes a que aprovechen lo que est\u00e1n aprendiendo en el seminario para ponerlo en pr\u00e1ctica en las escuelas.<\/p>\n<p>En la actividad participan expositores de Chile, Colombia, Cuba, Puerto Rico, Venezuela y representantes dominicanos.<\/p>\n<p>Asimismo, Geovany Romero manifest\u00f3 que los talleres de educaci\u00f3n f\u00edsica en las escuelas de jornada extendida, \u201cno solo son deportes en s\u00ed mismo, sino como una parte sustancial en la consecuci\u00f3n de los logros de una educaci\u00f3n de calidad\u201d.<\/p>\n<p>\u201cReviste de mucha importancia este seminario focalizado en una escuela activa, saludable y abierta\u201d, expuso Romero.<\/p>\n<p>Aunque el acto protocolar de apertura se realiz\u00f3 este mi\u00e9rcoles 27, los participantes est\u00e1n recibiendo charlas, paneles y cinco conferencias magistrales desde el martes 26, y se extiende hasta este jueves 28 al mediod\u00eda, cuando ser\u00e1 la clausura y se ofrecer\u00e1 una rueda de prensa para presentar las conclusiones del c\u00f3nclave.<\/p>\n","protected":false},"excerpt":{"rendered":"<p>M\u00e1s de 300 profesores, t\u00e9cnicos distritales y regionales de educaci\u00f3n f\u00edsica participan en el III Seminario Internacional de Actividad F\u00edsica y Desarrollo Humano.<\/p>\n","protected":false},"author":13,"featured_media":50813,"comment_status":"closed","ping_status":"closed","sticky":false,"template":"","format":"standard","meta":[],"categories":[2],"tags":[],"acf":[],"_links":{"self":[{"href":"https:\/\/colimdo.org\/wp-api\/wp\/v2\/posts\/50811"}],"collection":[{"href":"https:\/\/colimdo.org\/wp-api\/wp\/v2\/posts"}],"about":[{"href":"https:\/\/colimdo.org\/wp-api\/wp\/v2\/types\/post"}],"author":[{"embeddable":true,"href":"https:\/\/colimdo.org\/wp-api\/wp\/v2\/users\/13"}],"replies":[{"embeddable":true,"href":"https:\/\/colimdo.org\/wp-api\/wp\/v2\/comments?post=50811"}],"version-history":[{"count":1,"href":"https:\/\/colimdo.org\/wp-api\/wp\/v2\/posts\/50811\/revisions"}],"predecessor-version":[{"id":50814,"href":"https:\/\/colimdo.org\/wp-api\/wp\/v2\/posts\/50811\/revisions\/50814"}],"wp:featuredmedia":[{"embeddable":true,"href":"https:\/\/colimdo.org\/wp-api\/wp\/v2\/media\/50813"}],"wp:attachment":[{"href":"https:\/\/colimdo.org\/wp-api\/wp\/v2\/media?parent=50811"}],"wp:term":[{"taxonomy":"category","embeddable":true,"href":"https:\/\/colimdo.org\/wp-api\/wp\/v2\/categories?post=50811"},{"taxonomy":"post_tag","embeddable":true,"href":"https:\/\/colimdo.org\/wp-api\/wp\/v2\/tags?post=50811"}],"curies":[{"name":"wp","href":"https:\/\/api.w.org\/{rel}","templated":true}]}}