{"id":50836,"date":"2019-03-28T15:34:42","date_gmt":"2019-03-28T15:34:42","guid":{"rendered":"https:\/\/colimdo.org\/?p=50836"},"modified":"2019-03-28T15:34:42","modified_gmt":"2019-03-28T15:34:42","slug":"campeona-brasil-surf-muere-tras-alcanzada-rayo-entrenaba","status":"publish","type":"post","link":"https:\/\/colimdo.org\/noticias\/campeona-brasil-surf-muere-tras-alcanzada-rayo-entrenaba\/","title":{"rendered":"Campeona de Brasil de surf muere tras ser alcanzada por un rayo mientras entrenaba"},"content":{"rendered":"<p>La Vanguardia. Una surfista brasile\u00f1a de 23 a\u00f1os muri\u00f3 este mi\u00e9rcoles y otro result\u00f3 herido tras ser alcanzados por un rayo mientras surfeaban en una playa de la tur\u00edstica ciudad de Fortaleza, en el nordeste de Brasil, informaron fuentes m\u00e9dicas.<\/p>\n<p>El incidente ocurri\u00f3 en la ma\u00f1ana de este mi\u00e9rcoles en la playa Leste-Oeste en medio de un temporal de lluvias que afect\u00f3 a Fortaleza as\u00ed como a otras localidades del estado de Cear\u00e1.<\/p>\n<p>A pesar de las precipitaciones, Luzimara Souza se entrenaba para el Campeonato Brasile\u00f1o de Surf de 2019 junto con otras personas, cuando fue alcanzada por un rayo, seg\u00fan indicaron fuentes del Hospital Instituto Doutor Jos\u00e9 Frota, adonde fue trasladada.<\/p>\n<p>Sin embargo, no resisti\u00f3 las heridas y falleci\u00f3.\u00a0<b>Luzimara Souza\u00a0<\/b>inici\u00f3 su trayectoria en el mundo del surf a los 10 a\u00f1os en la Asociaci\u00f3n Deportiva Cultural Playa del Mero.<\/p>\n<p>Seg\u00fan su entrenador, Jeov\u00e1 Rodrigues, citado por el portal G1, ella gan\u00f3 el Campeonato Cearense y Brasile\u00f1o de 2018 y se preparaba para la edici\u00f3n de este a\u00f1o.<\/p>\n<p>Por otro lado, un joven de 17 a\u00f1os, cuya identidad no ha sido revelada, tambi\u00e9n fue alcanzado por la descarga el\u00e9ctrica y rescatado del agua por ba\u00f1istas, que lo llevaron a un cuartel de bomberos pr\u00f3ximo.<\/p>\n<p>Aunque ten\u00eda pulso, \u201cse encontraba en paro cardiorrespiratorio\u201d, por lo que le fueron aplicadas medidas de reanimaci\u00f3n, seg\u00fan comunicado del Cuerpo de Bomberos. Su estado de salud \u201ces delicado\u201d, de acuerdo con las fuentes m\u00e9dicas consultadas.<\/p>\n<p>De 2011 a 2017, en Brasil cayeron en promedio 77,8 millones de rayos por a\u00f1o, lo que convierte al pa\u00eds en l\u00edder mundial de este fen\u00f3meno meteorol\u00f3gico, seg\u00fan el Grupo de Electricidad Atmosf\u00e9rica del Instituto Nacional de Pesquisas Espaciales.<\/p>\n","protected":false},"excerpt":{"rendered":"<p>El incidente ocurri\u00f3 en la ma\u00f1ana de este mi\u00e9rcoles en la playa Leste-Oeste en medio de un temporal de lluvias que afect\u00f3 a Fortaleza as\u00ed como a otras localidades del estado de Cear\u00e1.<\/p>\n","protected":false},"author":16,"featured_media":50837,"comment_status":"closed","ping_status":"closed","sticky":false,"template":"","format":"standard","meta":[],"categories":[2,60],"tags":[],"acf":[],"_links":{"self":[{"href":"https:\/\/colimdo.org\/wp-api\/wp\/v2\/posts\/50836"}],"collection":[{"href":"https:\/\/colimdo.org\/wp-api\/wp\/v2\/posts"}],"about":[{"href":"https:\/\/colimdo.org\/wp-api\/wp\/v2\/types\/post"}],"author":[{"embeddable":true,"href":"https:\/\/colimdo.org\/wp-api\/wp\/v2\/users\/16"}],"replies":[{"embeddable":true,"href":"https:\/\/colimdo.org\/wp-api\/wp\/v2\/comments?post=50836"}],"version-history":[{"count":1,"href":"https:\/\/colimdo.org\/wp-api\/wp\/v2\/posts\/50836\/revisions"}],"predecessor-version":[{"id":50838,"href":"https:\/\/colimdo.org\/wp-api\/wp\/v2\/posts\/50836\/revisions\/50838"}],"wp:featuredmedia":[{"embeddable":true,"href":"https:\/\/colimdo.org\/wp-api\/wp\/v2\/media\/50837"}],"wp:attachment":[{"href":"https:\/\/colimdo.org\/wp-api\/wp\/v2\/media?parent=50836"}],"wp:term":[{"taxonomy":"category","embeddable":true,"href":"https:\/\/colimdo.org\/wp-api\/wp\/v2\/categories?post=50836"},{"taxonomy":"post_tag","embeddable":true,"href":"https:\/\/colimdo.org\/wp-api\/wp\/v2\/tags?post=50836"}],"curies":[{"name":"wp","href":"https:\/\/api.w.org\/{rel}","templated":true}]}}