{"id":50844,"date":"2019-03-28T15:55:21","date_gmt":"2019-03-28T15:55:21","guid":{"rendered":"https:\/\/colimdo.org\/?p=50844"},"modified":"2019-03-28T15:55:21","modified_gmt":"2019-03-28T15:55:21","slug":"manu-ginobili-tomara-lugar-inmortal-los-spurs","status":"publish","type":"post","link":"https:\/\/colimdo.org\/noticias\/manu-ginobili-tomara-lugar-inmortal-los-spurs\/","title":{"rendered":"Manu Gin\u00f3bili tomar\u00e1 lugar como inmortal de los Spurs"},"content":{"rendered":"<p>SAN ANTONIO \u2013\u00a0Manu Gin\u00f3bili\u00a0oficialmente tomar\u00e1 su lugar en la historia y olimpo de los\u00a0San Antonio Spurs\u00a0cuando hoy jueves retiren su legendario n\u00famero 20, que jam\u00e1s volver\u00e1 a ser utilizado por ning\u00fan jugador de ese equipo.<\/p>\n<p>El argentino tiene todos los merecimientos y hay que estar en esta ciudad de San Antonio para darse cuenta de la adoraci\u00f3n que existe por \u00e9l.<\/p>\n<p>Gin\u00f3bili fue un jugador que supo hacerlo todo durante sus 16 temporadas con los Spurs. Fue cuatro veces campe\u00f3n y en dos ocasiones fue elegido All-Star. Es el l\u00edder para la franquicia de San Antonio en encestes de tres puntos y robos de bal\u00f3n, mientras que est\u00e1 tercero en juegos disputados en temporada regular (1,057) y playoffs (218). En 2018 fue nombrado el Sexto Hombre del A\u00f1o, una &#8216;posici\u00f3n&#8217; que pr\u00e1cticamente redise\u00f1\u00f3 para toda la NBA.<\/p>\n<p>En postemporada es due\u00f1o de casi cualquier estad\u00edstica trascendente en ambos lados de la duela para un reserva: Puntos, asistencias, rebotes, robos, triples y tiros libres.<\/p>\n<p>\u201cEs una leyenda\u201c, consider\u00f3 en d\u00edas recientes el entrenador de los Spurs,<strong>\u00a0Gregg Popovich,<\/strong> quien dirigi\u00f3 a Gin\u00f3bili durante toda su carrera en la NBA. \u201cFue un honor haberlo dirigido\u201c.<\/p>\n<p>Rivales como el tambi\u00e9n ya legendario\u00a0Dirk Nowitzki\u00a0dijo que Gin\u00f3bili defini\u00f3 muchas posiciones y situaciones en la NBA.<\/p>\n<p>\u201cEl impacto que tuvo y el liderazgo que siempre despleg\u00f3 en la duela fue inigualable\u201c, consider\u00f3 Nowitzki, quien con sus\u00a0Dallas Mavericks\u00a0sostuvo batallas enormes en la duela contra San Antonio en los mejores momentos de ambos equipos a fines de la d\u00e9cada anterior y principio de la actual. \u201cEra un jugador que adem\u00e1s de hacerlo todo sobre la duela, ten\u00eda una pasi\u00f3n y entrega pocas veces vista\u201c.<\/p>\n<p>Gin\u00f3bili no apareci\u00f3 en p\u00fablico durante los d\u00edas anteriores al que ser\u00e1 este jueves el m\u00e1ximo honor al que un atleta de deporte de conjunto pueda aspirar en un equipo, el retiro de su n\u00famero.<\/p>\n<p>De acuerdo con diversas fuentes, de lunes a mi\u00e9rcoles estuvo rodeado de sus familiares m\u00e1s cercanos, incluidos sus padres y hermanos, quienes estar\u00e1n este jueves en el AT&amp;T Center para ver el tributo que le rendir\u00e1n.<\/p>\n<p>La ceremonia de retiro de su n\u00famero comenzar\u00e1 poco despu\u00e9s de que finalice el partido entre los\u00a0Cleveland Cavaliers\u00a0y los Spurs, quienes adem\u00e1s necesitan el triunfo para clasificar por vig\u00e9sima segunda ocasi\u00f3n consecutiva a la postemporada.<\/p>\n<p>En la arena tambi\u00e9n estar\u00e1n presentes siete ex compa\u00f1eros de Gin\u00f3bili de la llamada &#8216;Generaci\u00f3n Dorada&#8217; de la selecci\u00f3n albiceleste con la que fue campe\u00f3n ol\u00edmpico (2004) y subcampe\u00f3n mundial (2002).<\/p>\n<p>Argentina es el \u00fanico pa\u00eds, adem\u00e1s de Estados Unidos, que ha ganado el oro en Juegos Ol\u00edmpicos en los \u00faltimos 30 a\u00f1os.<\/p>\n<p>Alejandro Montecchia,\u00a0Andr\u00e9s Nocioni,\u00a0Fabricio Oberto,\u00a0Pablo Prigioni,\u00a0Pepe S\u00e1nchez\u00a0y\u00a0Luis Scol\u00e1\u00a0ser\u00e1n los representantes de la Generaci\u00f3n Dorada, quienes sostendr\u00e1n al medio tiempo del juego una mesa redonda, dirigida por el periodista Adri\u00e1n Paenza, sobre la formaci\u00f3n y carrera de Gin\u00f3bili.<\/p>\n<p>Tambi\u00e9n estar\u00e1n algunos compa\u00f1eros de Gin\u00f3bili con los que fue campe\u00f3n como\u00a0Tim Duncan\u00a0y\u00a0Tony Parker, quien el martes por la noche viaj\u00f3 de Charlotte a San Antonio con el equipo como en los viejos tiempos, para ser parte de los festejos.<\/p>\n<p>Parkers dej\u00f3 a los Spurs antes de comenzar la actual campa\u00f1a para firmar con los\u00a0Hornets.<\/p>\n<p>\u201cSer\u00e1 una noche muy nost\u00e1lgica\u201c, dijo Parker al peri\u00f3dico\u00a0<em>San Antonio Express-News<\/em>. \u201cVoy a poner todo en perspectiva. Empiezas a darte cuenta de todo lo que logramos en esta liga. Ser\u00e1 muy emocional\u201c.<\/p>\n<p>Parker y Oberto ser\u00e1n algunos de los ex compa\u00f1eros de Gin\u00f3bili que hablar\u00e1n en la ceremonia de despedida.<\/p>\n","protected":false},"excerpt":{"rendered":"<p>Los Spurs de San Antonio retirar\u00e1n este jueves el n\u00famero 20 que utiliz\u00f3 en toda su carrera con el equipo.<\/p>\n","protected":false},"author":16,"featured_media":50845,"comment_status":"closed","ping_status":"closed","sticky":false,"template":"","format":"standard","meta":[],"categories":[2,60],"tags":[],"acf":[],"_links":{"self":[{"href":"https:\/\/colimdo.org\/wp-api\/wp\/v2\/posts\/50844"}],"collection":[{"href":"https:\/\/colimdo.org\/wp-api\/wp\/v2\/posts"}],"about":[{"href":"https:\/\/colimdo.org\/wp-api\/wp\/v2\/types\/post"}],"author":[{"embeddable":true,"href":"https:\/\/colimdo.org\/wp-api\/wp\/v2\/users\/16"}],"replies":[{"embeddable":true,"href":"https:\/\/colimdo.org\/wp-api\/wp\/v2\/comments?post=50844"}],"version-history":[{"count":1,"href":"https:\/\/colimdo.org\/wp-api\/wp\/v2\/posts\/50844\/revisions"}],"predecessor-version":[{"id":50846,"href":"https:\/\/colimdo.org\/wp-api\/wp\/v2\/posts\/50844\/revisions\/50846"}],"wp:featuredmedia":[{"embeddable":true,"href":"https:\/\/colimdo.org\/wp-api\/wp\/v2\/media\/50845"}],"wp:attachment":[{"href":"https:\/\/colimdo.org\/wp-api\/wp\/v2\/media?parent=50844"}],"wp:term":[{"taxonomy":"category","embeddable":true,"href":"https:\/\/colimdo.org\/wp-api\/wp\/v2\/categories?post=50844"},{"taxonomy":"post_tag","embeddable":true,"href":"https:\/\/colimdo.org\/wp-api\/wp\/v2\/tags?post=50844"}],"curies":[{"name":"wp","href":"https:\/\/api.w.org\/{rel}","templated":true}]}}