{"id":50847,"date":"2019-03-28T16:31:47","date_gmt":"2019-03-28T16:31:47","guid":{"rendered":"https:\/\/colimdo.org\/?p=50847"},"modified":"2019-03-28T16:34:20","modified_gmt":"2019-03-28T16:34:20","slug":"la-romana-acoge-este-sabado-torneos-atletismo-superior-escolar-la-region-este","status":"publish","type":"post","link":"https:\/\/colimdo.org\/noticias\/la-romana-acoge-este-sabado-torneos-atletismo-superior-escolar-la-region-este\/","title":{"rendered":"La Romana acoge este s\u00e1bado torneos de atletismo superior y escolar de la Regi\u00f3n Este"},"content":{"rendered":"<p class=\"x_MsoNormal\" style=\"text-align: left;\" align=\"center\">LA ROMANA. A<span lang=\"ES-DO\">tletas de la categor\u00eda superior y en edad escolar luchar\u00e1n este s\u00e1bado por los lugares de preponderancia del Torneo Regional Este que realizar\u00e1 en esta ciudad la Federaci\u00f3n Dominicana de Asociaciones de Atletismo (FDAA).<\/span><\/p>\n<p class=\"x_MsoNormal\" style=\"text-align: left;\"><span lang=\"ES-DO\">El evento tendr\u00e1 como sede la pista del complejo deportivo de esta ciudad. La Asociaci\u00f3n de Atletismo de La romana es la responsable del montaje del campeonato.<\/span><\/p>\n<p class=\"x_MsoNormal\"><span lang=\"ES-DO\">Las competencias iniciar\u00e1n a las 9:00 de la ma\u00f1ana y concluir\u00e1n a las 5:00 de la tarde, manifest\u00f3 Gerardo Suero Correa, presidente de la Federaci\u00f3n de Atletismo.<\/span><\/p>\n<p class=\"x_MsoNormal\"><span lang=\"ES-DO\">Explic\u00f3 que t\u00e9cnicamente el torneo ser\u00e1 dirigido por el profesor Gregorio Ram\u00edrez (Rufino), vicepresidente de la Federaci\u00f3n y directivo de la Asociaci\u00f3n de Atletismo de La Romana.<\/span><\/p>\n<p class=\"x_MsoNormal\"><span lang=\"ES-DO\">El torneo superior cuenta con el respaldo del Ministerio de Deportes y el escolar con dividendos ol\u00edmpicos de la Federaci\u00f3n Internacional de Atletismo Asociado (IAAF).<\/span><\/p>\n<p class=\"x_MsoNormal\"><b><span lang=\"ES-DO\">En 16 y 18 a\u00f1os<\/span><\/b><\/p>\n<p class=\"x_MsoNormal\"><span lang=\"ES-DO\">Suero Correa precis\u00f3 que el certamen escolar involucrar\u00e1 a 350 atletas de los centros educativos p\u00fablicos y privados de las seis provincias de la zona Este, como son Monte Plata, San Pedro de Macor\u00eds, Hato Mayor, La Romana; El Seibo y La Altagracia.<\/span><\/p>\n<p class=\"x_MsoNormal\"><span lang=\"ES-DO\">Buscar\u00e1n hacer las marcas y clasificar al Campeonato Nacional de las categor\u00edas, que se realizar\u00e1 en Santo Domingo, en el junio pr\u00f3ximo. En iguales condiciones y para el mismo evento nacional competir\u00e1n los de la divisi\u00f3n superior, expres\u00f3 Gerardo Suero.<\/span><\/p>\n<p class=\"x_MsoNormal\"><span lang=\"ES-DO\">Sostuvo que los escolares actuar\u00e1n en las pruebas de velocidad (100, 200, 400, 800 y 1,500 metros planos) y en lanzamiento de la jabalina, impulso de la bala y salto largo.<\/span><\/p>\n<p class=\"x_MsoNormal\"><span lang=\"ES-DO\">Divisi\u00f3n \u00e9lite<\/span><\/p>\n<p class=\"x_MsoNormal\"><span lang=\"ES-DO\">El presidente de la FDAA explic\u00f3 que en superior, m\u00e1s de 200 atletas intentar\u00e1n hacer las marcas para el torneo nacional, compitiendo desde los 100 hasta los 5,00 metros planos, as\u00ed como en salto alto, largo y triple, respectivamente, adem\u00e1s de impulso de la bala, lanzamiento de la jabalina y del disco.<\/span><\/p>\n<p class=\"x_MsoNormal\"><span lang=\"ES-DO\">Suero Correa manifest\u00f3 que ser\u00e1 el segundo torneo de nivel regional que celebrar\u00e1 la FDAA, para escoger a los atletas que representar\u00e1n a sus provincias y zona en los campeonatos nacionales escolar y superior del pr\u00f3ximo mes de junio.<\/span><\/p>\n<p class=\"x_MsoNormal\"><span lang=\"ES-DO\">\u201cYa se disput\u00f3 el de la Zona Metropolitana, conformada por la Provincia Santo Domingo y el Distrito Nacional. Despu\u00e9s de la justa del Este, nos faltar\u00e1 realizar los de las regiones Norte y Sur\u201d, concluy\u00f3 el dirigente federado.<\/span><\/p>\n","protected":false},"excerpt":{"rendered":"<p>M\u00e1s de medio centenar de atletas\u00a0buscar\u00e1n clasificar para campeonatos nacionales.<\/p>\n","protected":false},"author":16,"featured_media":50848,"comment_status":"closed","ping_status":"closed","sticky":false,"template":"","format":"standard","meta":[],"categories":[2,60],"tags":[],"acf":[],"_links":{"self":[{"href":"https:\/\/colimdo.org\/wp-api\/wp\/v2\/posts\/50847"}],"collection":[{"href":"https:\/\/colimdo.org\/wp-api\/wp\/v2\/posts"}],"about":[{"href":"https:\/\/colimdo.org\/wp-api\/wp\/v2\/types\/post"}],"author":[{"embeddable":true,"href":"https:\/\/colimdo.org\/wp-api\/wp\/v2\/users\/16"}],"replies":[{"embeddable":true,"href":"https:\/\/colimdo.org\/wp-api\/wp\/v2\/comments?post=50847"}],"version-history":[{"count":2,"href":"https:\/\/colimdo.org\/wp-api\/wp\/v2\/posts\/50847\/revisions"}],"predecessor-version":[{"id":50850,"href":"https:\/\/colimdo.org\/wp-api\/wp\/v2\/posts\/50847\/revisions\/50850"}],"wp:featuredmedia":[{"embeddable":true,"href":"https:\/\/colimdo.org\/wp-api\/wp\/v2\/media\/50848"}],"wp:attachment":[{"href":"https:\/\/colimdo.org\/wp-api\/wp\/v2\/media?parent=50847"}],"wp:term":[{"taxonomy":"category","embeddable":true,"href":"https:\/\/colimdo.org\/wp-api\/wp\/v2\/categories?post=50847"},{"taxonomy":"post_tag","embeddable":true,"href":"https:\/\/colimdo.org\/wp-api\/wp\/v2\/tags?post=50847"}],"curies":[{"name":"wp","href":"https:\/\/api.w.org\/{rel}","templated":true}]}}