{"id":50853,"date":"2019-03-28T16:47:17","date_gmt":"2019-03-28T16:47:17","guid":{"rendered":"https:\/\/colimdo.org\/?p=50853"},"modified":"2019-03-28T16:47:17","modified_gmt":"2019-03-28T16:47:17","slug":"jose-ramirez-fue-incluido-lineup-los-indios","status":"publish","type":"post","link":"https:\/\/colimdo.org\/noticias\/jose-ramirez-fue-incluido-lineup-los-indios\/","title":{"rendered":"Jos\u00e9 Ram\u00edrez fue incluido en lineup de los Indios"},"content":{"rendered":"<p>CLEVELAND (MLB) &#8212; Luego de conocer que el camporcorto puertorrique\u00f1o Francisco Lindor se dobl\u00f3 el tobillo izquierdo el martes y podr\u00eda estar fuera m\u00e1s tiempo de lo que los Indios pensaron, los Indios pueden estar todav\u00eda m\u00e1s agradecidos de que el dominicano Jos\u00e9 Ram\u00edrez haya recibido aprobaci\u00f3n para iniciar en la tercera base contra los Mellizos en el D\u00eda Inaugural tras golpearse la rodilla izquierda el domingo.<\/p>\n<p>De acuerdo con una fuente de Jon Paul Morosi de MLB.com, Ram\u00edrez efectivamente ser\u00e1 incluido en la alineaci\u00f3n de la Tribu el jueves.<\/p>\n<p>Ram\u00edrez cay\u00f3 al piso el domingo despu\u00e9s de conectarse un foul directamente en la rodilla y fue retirado en un carrito, poniendo pr\u00e1cticamente cero peso en la pierna izquierda.<\/p>\n<p>\u201cS\u00ed, en ese momento del golpe no sab\u00eda qu\u00e9 tan mal era la cosa\u201d, dijo Ram\u00edrez. \u201cNo pod\u00eda mover la pierna del dolor. Gracias a Dios, no fue tan grave\u201d.<\/p>\n<p>Luego de que los rayos X revelaran que s\u00f3lo era un golpe, los Indios decidieron no correr riesgos y dejar a Ram\u00edrez en Goodyear, Arizona, para recibir tratamiento mientras el resto del equipo volaba a Texas para jugar sus \u00faltimos dos encuentros de exhibici\u00f3n.<\/p>\n<p>\u201cCreo que fue lo m\u00e1s inteligente que pudimos hacer\u201d, dijo Francona. \u201cSe someti\u00f3 a much\u00edsimo tratamiento las primeras 24 horas y al d\u00eda siguiente ya estaba en el terreno\u201d.<\/p>\n<p>\u201cMe sent\u00ed aliviado de que no fuera algo malo\u201d, a\u00f1adi\u00f3 Ram\u00edrez. \u201cSabiendo que est\u00e1bamos tan cerca del D\u00eda Inaugural, me sent\u00ed bien porque iba a estar listo para jugar\u201d.<\/p>\n","protected":false},"excerpt":{"rendered":"<p>De acuerdo con una fuente de Jon Paul Morosi de MLB.com, Ram\u00edrez efectivamente ser\u00e1 incluido en la alineaci\u00f3n de la Tribu el jueves.<\/p>\n","protected":false},"author":16,"featured_media":50854,"comment_status":"closed","ping_status":"closed","sticky":false,"template":"","format":"standard","meta":[],"categories":[2,60],"tags":[],"acf":[],"_links":{"self":[{"href":"https:\/\/colimdo.org\/wp-api\/wp\/v2\/posts\/50853"}],"collection":[{"href":"https:\/\/colimdo.org\/wp-api\/wp\/v2\/posts"}],"about":[{"href":"https:\/\/colimdo.org\/wp-api\/wp\/v2\/types\/post"}],"author":[{"embeddable":true,"href":"https:\/\/colimdo.org\/wp-api\/wp\/v2\/users\/16"}],"replies":[{"embeddable":true,"href":"https:\/\/colimdo.org\/wp-api\/wp\/v2\/comments?post=50853"}],"version-history":[{"count":2,"href":"https:\/\/colimdo.org\/wp-api\/wp\/v2\/posts\/50853\/revisions"}],"predecessor-version":[{"id":50856,"href":"https:\/\/colimdo.org\/wp-api\/wp\/v2\/posts\/50853\/revisions\/50856"}],"wp:featuredmedia":[{"embeddable":true,"href":"https:\/\/colimdo.org\/wp-api\/wp\/v2\/media\/50854"}],"wp:attachment":[{"href":"https:\/\/colimdo.org\/wp-api\/wp\/v2\/media?parent=50853"}],"wp:term":[{"taxonomy":"category","embeddable":true,"href":"https:\/\/colimdo.org\/wp-api\/wp\/v2\/categories?post=50853"},{"taxonomy":"post_tag","embeddable":true,"href":"https:\/\/colimdo.org\/wp-api\/wp\/v2\/tags?post=50853"}],"curies":[{"name":"wp","href":"https:\/\/api.w.org\/{rel}","templated":true}]}}