{"id":50859,"date":"2019-03-28T19:20:41","date_gmt":"2019-03-28T19:20:41","guid":{"rendered":"https:\/\/colimdo.org\/?p=50859"},"modified":"2019-03-28T19:21:08","modified_gmt":"2019-03-28T19:21:08","slug":"fedojudo-hara-campeonato-nacional-cadete-junior-este-fin-semana","status":"publish","type":"post","link":"https:\/\/colimdo.org\/noticias\/fedojudo-hara-campeonato-nacional-cadete-junior-este-fin-semana\/","title":{"rendered":"Fedojudo har\u00e1 campeonato nacional cadete y junior este fin de semana"},"content":{"rendered":"<p><strong>SANTO DOMINGO.<\/strong> La Federaci\u00f3n Dominicana de Judo (Fedojudo) celebrar\u00e1 este fin de semana el Campeonato Nacional Cadete y Junior en la Cada Nacional de esa disciplina en el Centro Ol\u00edmpico.<\/p>\n<p>Para este viernes, desde las 7:00 de la noche, se realizar\u00e1n las competencias en la modalidad de kata tanto en masculino como en femenino.<\/p>\n<p>Previo a las competencias de kata, se har\u00e1 el pesaje, pautado para las 5:00 de la tarde, y el congresillo a las 6:00, seg\u00fan dio a conocer Leidi Germ\u00e1n, directora t\u00e9cnica de la Fedojudo.<\/p>\n<p>En el Campeonato Nacional de Judo Cadete y Junior competir\u00e1n algo m\u00e1s de 200 atletas en las modalidades de kata (exhibici\u00f3n) e individual tanto en masculino como en femenino.<\/p>\n<p>El programa establece que para el s\u00e1bado, desde las 10:00 de la ma\u00f1ana, arrancan los combates en masculino cadete y junior, mientras que la ceremonia de inauguraci\u00f3n est\u00e1 pautada para las 11:00 de la ma\u00f1ana, para luego dar continuidad a la jornada.<\/p>\n<p>El domingo, desde las 10:00 de la ma\u00f1ana, arrancan los combates en la rama femenina cadete y junior.<\/p>\n<p>En el Campeonato, organizado por la Fedojudo, con el apoyo del Ministerio de Deportes, el Comit\u00e9 Ol\u00edmpico Dominicano y Creso, tomar\u00e1n parte atletas de 23 asociaciones.<\/p>\n<p>El certamen competitivo se llevar\u00e1 a cabo con el objetivo de conformar la preselecci\u00f3n de atletas que representar\u00e1n al pa\u00eds en la Copa Panamericana Cadete y Junior que se celebrar\u00e1 en el pa\u00eds los d\u00edas 4 y 5 de mayo pr\u00f3ximo con el apoyo de la Confederaci\u00f3n Panamericana de Judo (CPJ).<\/p>\n","protected":false},"excerpt":{"rendered":"<p>El torneo inicia este viernes con las competencias de kata masculino y femenino, desde las 7:00 de la noche, y la inauguraci\u00f3n ser\u00e1 el s\u00e1bado a las 11:00 de la ma\u00f1ana.<\/p>\n","protected":false},"author":13,"featured_media":50860,"comment_status":"closed","ping_status":"closed","sticky":false,"template":"","format":"standard","meta":[],"categories":[2],"tags":[],"acf":[],"_links":{"self":[{"href":"https:\/\/colimdo.org\/wp-api\/wp\/v2\/posts\/50859"}],"collection":[{"href":"https:\/\/colimdo.org\/wp-api\/wp\/v2\/posts"}],"about":[{"href":"https:\/\/colimdo.org\/wp-api\/wp\/v2\/types\/post"}],"author":[{"embeddable":true,"href":"https:\/\/colimdo.org\/wp-api\/wp\/v2\/users\/13"}],"replies":[{"embeddable":true,"href":"https:\/\/colimdo.org\/wp-api\/wp\/v2\/comments?post=50859"}],"version-history":[{"count":1,"href":"https:\/\/colimdo.org\/wp-api\/wp\/v2\/posts\/50859\/revisions"}],"predecessor-version":[{"id":50861,"href":"https:\/\/colimdo.org\/wp-api\/wp\/v2\/posts\/50859\/revisions\/50861"}],"wp:featuredmedia":[{"embeddable":true,"href":"https:\/\/colimdo.org\/wp-api\/wp\/v2\/media\/50860"}],"wp:attachment":[{"href":"https:\/\/colimdo.org\/wp-api\/wp\/v2\/media?parent=50859"}],"wp:term":[{"taxonomy":"category","embeddable":true,"href":"https:\/\/colimdo.org\/wp-api\/wp\/v2\/categories?post=50859"},{"taxonomy":"post_tag","embeddable":true,"href":"https:\/\/colimdo.org\/wp-api\/wp\/v2\/tags?post=50859"}],"curies":[{"name":"wp","href":"https:\/\/api.w.org\/{rel}","templated":true}]}}