{"id":50887,"date":"2019-03-29T12:54:09","date_gmt":"2019-03-29T12:54:09","guid":{"rendered":"https:\/\/colimdo.org\/?p=50887"},"modified":"2019-03-29T12:58:09","modified_gmt":"2019-03-29T12:58:09","slug":"club-naco-exaltara-cinco-miembros-la-inmortalidad-deportiva","status":"publish","type":"post","link":"https:\/\/colimdo.org\/noticias\/club-naco-exaltara-cinco-miembros-la-inmortalidad-deportiva\/","title":{"rendered":"Club Naco exaltar\u00e1 a cinco miembros a la inmortalidad deportiva \u00a0"},"content":{"rendered":"<p>SANTO DOMINGO. La Junta Directiva del Club Deportivo Naco trabaja a todo tren para exaltar a cinco nuevos miembros a la Inmortalidad del Deporte Naque\u00f1o, acto a celebrarse en la Plaza de los Inmortales, el s\u00e1bado 06 de abril venidero, en horas de la noche, en las instalaciones del club.<\/p>\n<p>La informaci\u00f3n la dio a conocer el presidente del Club Naco, el doctor Luis Miguel Pou, quien afirm\u00f3 que desde hace varias semanas se est\u00e1 trabajando ese tema, con el objetivo de que sea una noche memorable, como las anteriores.<\/p>\n<p>Dijo que ser\u00e1n reconocidos el inmortal del Deporte, en Basket, Eduardo G\u00f3mez, tambi\u00e9n en Basket, Antonio \u2013Cuqui-\u00a0\u00a0Langa, en Tenis de Mesa, Emil Alvarez y Yira Pia Almonte, mientras que en Tenis de Campo, ser\u00e1 inmortalizada Laura Fern\u00e1ndez Mera.<\/p>\n<p>Manifest\u00f3 el doctor Pou que cada 12 meses son reconocidos aquellas grandes figuras del deporte nacional, que son parte de la familia del Naco, donde son instaladas en la Plaza de los Inmortales del Deporte Naqueno.<\/p>\n<p>\u201cSera una noche memorable para el Deporte del Club Naco donde toda la familia le rendir\u00e1 homenaje a esos grandes hombres y mujeres que brillaron en el deporte y hoy son grandes profesionales en las distintas ramas del saber que enorgullece a nuestra instituci\u00f3n\u201d, dijo Pou.<\/p>\n","protected":false},"excerpt":{"rendered":"<p>La informaci\u00f3n la dio a conocer el presidente del Club Naco, el doctor Luis Miguel Pou, quien afirm\u00f3 que desde hace varias semanas se est\u00e1 trabajando ese tema, con el objetivo de que sea una noche memorable, como las anteriores.<\/p>\n","protected":false},"author":16,"featured_media":50893,"comment_status":"closed","ping_status":"closed","sticky":false,"template":"","format":"standard","meta":[],"categories":[2,60],"tags":[],"acf":[],"_links":{"self":[{"href":"https:\/\/colimdo.org\/wp-api\/wp\/v2\/posts\/50887"}],"collection":[{"href":"https:\/\/colimdo.org\/wp-api\/wp\/v2\/posts"}],"about":[{"href":"https:\/\/colimdo.org\/wp-api\/wp\/v2\/types\/post"}],"author":[{"embeddable":true,"href":"https:\/\/colimdo.org\/wp-api\/wp\/v2\/users\/16"}],"replies":[{"embeddable":true,"href":"https:\/\/colimdo.org\/wp-api\/wp\/v2\/comments?post=50887"}],"version-history":[{"count":2,"href":"https:\/\/colimdo.org\/wp-api\/wp\/v2\/posts\/50887\/revisions"}],"predecessor-version":[{"id":50897,"href":"https:\/\/colimdo.org\/wp-api\/wp\/v2\/posts\/50887\/revisions\/50897"}],"wp:featuredmedia":[{"embeddable":true,"href":"https:\/\/colimdo.org\/wp-api\/wp\/v2\/media\/50893"}],"wp:attachment":[{"href":"https:\/\/colimdo.org\/wp-api\/wp\/v2\/media?parent=50887"}],"wp:term":[{"taxonomy":"category","embeddable":true,"href":"https:\/\/colimdo.org\/wp-api\/wp\/v2\/categories?post=50887"},{"taxonomy":"post_tag","embeddable":true,"href":"https:\/\/colimdo.org\/wp-api\/wp\/v2\/tags?post=50887"}],"curies":[{"name":"wp","href":"https:\/\/api.w.org\/{rel}","templated":true}]}}