{"id":50906,"date":"2019-03-29T15:49:34","date_gmt":"2019-03-29T15:49:34","guid":{"rendered":"https:\/\/colimdo.org\/?p=50906"},"modified":"2019-03-29T15:49:34","modified_gmt":"2019-03-29T15:49:34","slug":"moca-fc-presenta-nueva-plantilla-equipo-tecnico-ldf-2019","status":"publish","type":"post","link":"https:\/\/colimdo.org\/noticias\/moca-fc-presenta-nueva-plantilla-equipo-tecnico-ldf-2019\/","title":{"rendered":"Moca FC presenta nueva plantilla y equipo t\u00e9cnico para LDF 2019"},"content":{"rendered":"<p class=\"x_m_5321166354490249631m_6894361103616584974gmail-MsoNoSpacing\"><b><span lang=\"ES-DO\">Moca, provincia Espaillat. &#8211;<\/span><\/b><span lang=\"ES-DO\">\u00a0\u00a0El Moca FC present\u00f3 oficialmente la nueva plantilla y su equipo t\u00e9cnico que accionar\u00e1 en el torneo Apertura que arranca este s\u00e1bado 30 de marzo frente al Cibao FC, en el cl\u00e1sico Joven del F\u00fatbol Nacional.<\/span><\/p>\n<p class=\"x_m_5321166354490249631m_6894361103616584974gmail-MsoNoSpacing\"><span lang=\"ES-DO\">El directivo Jos\u00e9 Bautista ofreci\u00f3 las palabras de bienvenida al inicio de la actividad en el club Recreativo, destacando que el equipo se basar\u00e1 en la m\u00edstica de los jugadores de Moca y de otros pueblos, as\u00ed como los extranjeros. \u201cVamos a entrar con el coraz\u00f3n a buscar el t\u00edtulo de LDF\u201d.<\/span><\/p>\n<p class=\"x_m_5321166354490249631m_6894361103616584974gmail-MsoNoSpacing\"><span lang=\"ES-DO\">El vicepresidente del Aurinegro, Rodolfo Guzm\u00e1n Lara, se mostr\u00f3 orgulloso por el componente humano que tiene el equipo donde prima el trabajo y dedicaci\u00f3n de todos ellos, tanto jugadores nacionales e internacionales y el equipo t\u00e9cnico y la directiva.<\/span><\/p>\n<p class=\"x_m_5321166354490249631m_6894361103616584974gmail-MsoNoSpacing\"><span lang=\"ES-DO\">El Moca FC inicia la nueva temporada deportiva con un equipo renovado, para afrontar los retos deportivos del torneo Apertura y Clausura, en la Quinta Temporada de la Liga Dominicana de F\u00fatbol, apunto Guzm\u00e1n.<\/span><\/p>\n<p class=\"x_m_5321166354490249631m_6894361103616584974gmail-MsoNoSpacing\"><span lang=\"ES-DO\">Asimismo, dijo que han confiado plenamente esta plantilla en las manos de los mexicanos Hiram Ivvan Apaiz Camargo y su\u00a0Auxiliar t\u00e9cnico el experimentado Larry Garc\u00eda (DT).<\/span><\/p>\n<p class=\"x_m_5321166354490249631m_6894361103616584974gmail-MsoNoSpacing\"><span lang=\"ES-DO\">\u201cEsperamos que esta temporada est\u00e9 llena de \u00e9xitos, que nuestros aficionados sigan respaldando al equipo en todos los partidos, como ellos lo hacen de local y en la ruta\u201d.<\/span><span lang=\"ES-DO\">\u00a0<\/span><\/p>\n<p class=\"x_m_5321166354490249631m_6894361103616584974gmail-MsoNoSpacing\"><span lang=\"ES-DO\">Adem\u00e1s, dijo a los presentes que una de las mayores bendiciones fue la llegada en el 2015, del empresario Esteban Ferreiras, quien es uno de sus principales soportes como directivo y empresario.<\/span><\/p>\n<p class=\"x_m_5321166354490249631m_6894361103616584974gmail-MsoNoSpacing\"><span lang=\"ES-DO\">\u201cEn estos cinco a\u00f1os de la Liga Dominicana de F\u00fatbol (LDF), quiero expresar que Esteban Ferreiras, presidente del club, fue el motor que, con esa motivaci\u00f3n y pasi\u00f3n dio impulso a este proyecto que es la Capital del F\u00fatbol Dominicano\u201d.<\/span><\/p>\n<p class=\"x_m_5321166354490249631m_6894361103616584974gmail-MsoNoSpacing\"><span lang=\"ES-DO\">Tambi\u00e9n pronuncio palabras Indira Ferm\u00edn que junto a Thony Genao son los comercializadores que tiene el equipo mocano.<\/span><\/p>\n<p class=\"x_m_5321166354490249631m_6894361103616584974gmail-MsoNoSpacing\"><b><span lang=\"ES-DO\">Presentaci\u00f3n del uniforme<\/span><\/b><\/p>\n<p class=\"x_m_5321166354490249631m_6894361103616584974gmail-MsoNoSpacing\"><span lang=\"ES-DO\">El primero en desfilar con la nueva vestimenta fue el mocano V\u00edctor S\u00e1nchez con el uniforme de local, luego Jos\u00e9 Roberto Jaqu\u00e9s el de visitante y tercero el venezolano Adri\u00e1n Rodr\u00edguez, mostr\u00f3 el de porteros ante los presentes a la rueda de prensa.\u00a0\u00a0<\/span><\/p>\n<p class=\"x_m_5321166354490249631m_6894361103616584974gmail-MsoNoSpacing\"><b><span lang=\"ES-DO\">Seguridad en los juegos<\/span><\/b><\/p>\n<p class=\"x_m_5321166354490249631m_6894361103616584974gmail-MsoNoSpacing\"><span lang=\"ES-DO\">Tambi\u00e9n se destac\u00f3 que el Estadio Ol\u00edmpico de Moca recibir\u00e1 un amplio equipo de Seguridad, entre ellos estar\u00e1n la Polic\u00eda Nacional, Polic\u00eda Municipal, Guardianes B\u00faho y expertos en seguridad privada de Santiago.<\/span><\/p>\n<p class=\"x_m_5321166354490249631m_6894361103616584974gmail-MsoNoSpacing\"><b><span lang=\"ES-DO\">MOCA FC y Club Activo 20-30 realizar\u00e1n actividades en favor de la ni\u00f1ez<\/span><\/b><\/p>\n<p class=\"x_m_5321166354490249631m_6894361103616584974gmail-MsoNoSpacing\"><span lang=\"ES-DO\">El vicepresidente del club Rodolfo Guzm\u00e1n Lara, afirm\u00f3 que como empresa deben tener compromisos sociales y este a\u00f1o est\u00e1n enfocados en la ni\u00f1ez y han realizado un plan de trabajo con el Club Activo 20-30.<\/span><\/p>\n<p class=\"x_m_5321166354490249631m_6894361103616584974gmail-MsoNoSpacing\"><span lang=\"ES-DO\">\u201cEste a\u00f1o nuestro compromiso social est\u00e1 focalizado a la ni\u00f1ez, pero nos aliamos a una instituci\u00f3n que siempre ha estado identificado a la ni\u00f1ez, con un plan que ya trazamos junto a este grupo de j\u00f3venes ejemplares de nuestra provincia\u201d. \u00a0\u00a0\u00a0\u00a0\u00a0<\/span><\/p>\n<p class=\"x_m_5321166354490249631m_6894361103616584974gmail-MsoNoSpacing\"><b><span lang=\"ES-DO\">La plantilla la encabezan<\/span><\/b><\/p>\n<p class=\"x_m_5321166354490249631m_6894361103616584974gmail-MsoNoSpacing\"><span lang=\"ES-DO\">Los mocanos Juan \u00c1ngeles S\u00e1nchez, Luis Domingo Taveras, Alberto Dabas Ronald Garc\u00eda, Victor Manuel S\u00e1nchez, \u00c1ngel Luis Moscoso Cepeda, Julio S\u00e1nchez. Javier S\u00e1nchez, Amable Rodr\u00edguez, Joel Ventura, Jos\u00e9 Roberto Jaqu\u00e9s, Jos\u00e9 Santana, Pedro Contin, Leury L\u00f3pez.<\/span><\/p>\n<p class=\"x_m_5321166354490249631m_6894361103616584974gmail-MsoNoSpacing\"><span lang=\"ES-DO\">Adem\u00e1s de Diego Jos\u00e9 Ceara Mu\u00f1oz, Pablo Ceverino, Jos\u00e9 Y\u00fanior Francisco G\u00f3mez, Juan Jos\u00e9 Polanco, Leivis Rodr\u00edguez Piet, Alexander Vidal.<\/span><\/p>\n<p class=\"x_m_5321166354490249631m_6894361103616584974gmail-MsoNoSpacing\"><span lang=\"ES-DO\">Los refuerzos son los venezolanos Adri\u00e1n Rodr\u00edguez y Joel Infante, el colombiano Miguel \u00c1ngel Julio Rosette, los haitianos Wilguens Aristilde, Sam Colson Pierre, Chedlin Francoeur.<\/span><span lang=\"ES-DO\">\u00a0<\/span><\/p>\n<p class=\"x_m_5321166354490249631m_6894361103616584974gmail-MsoNoSpacing\"><span lang=\"ES-DO\">El dirigente ser\u00e1 Hiram Ivvan Apaiz Camargo y su\u00a0Auxiliar t\u00e9cnico el experimentado Larry Garc\u00eda (DT), Guillermo G\u00f3mez preparador f\u00edsico, Alfonso Estrella preparador de porteros, Luis Jos\u00e9 Paulino Rodr\u00edguez doctor, Cantalicio Miguel Dom\u00ednguez fisioterapeuta y Lewis Garc\u00eda utilero. \u00a0\u00a0<\/span><\/p>\n<p class=\"x_m_5321166354490249631m_6894361103616584974gmail-MsoNoSpacing\"><span lang=\"ES-DO\">Tras la presentaci\u00f3n del equipo y del cuerpo t\u00e9cnico, el MOCA FC, disputar\u00e1 con los vigentes campeones del Cibao FC el primer encuentro del torneo Apertura, este s\u00e1bado 30 de marzo a las 7:00 de la noche.<\/span><\/p>\n<p class=\"x_m_5321166354490249631m_6894361103616584974gmail-MsoNoSpacing\"><span lang=\"ES-DO\">El aurinegro inicia esta nueva etapa con mucha ilusi\u00f3n y con muchas ganas de ofrecer a los aficionados el ansiado t\u00edtulo de campeones de LDF, \u00fanico galard\u00f3n que falta por obtener a la Capital del F\u00fatbol Dominicano. \u00a0<\/span><\/p>\n","protected":false},"excerpt":{"rendered":"<p>El Moca FC present\u00f3 oficialmente la nueva plantilla y su equipo t\u00e9cnico que accionar\u00e1 en el torneo Apertura que arranca este s\u00e1bado 30 de marzo frente al Cibao FC.<\/p>\n","protected":false},"author":16,"featured_media":50907,"comment_status":"closed","ping_status":"closed","sticky":false,"template":"","format":"standard","meta":[],"categories":[2,60],"tags":[],"acf":[],"_links":{"self":[{"href":"https:\/\/colimdo.org\/wp-api\/wp\/v2\/posts\/50906"}],"collection":[{"href":"https:\/\/colimdo.org\/wp-api\/wp\/v2\/posts"}],"about":[{"href":"https:\/\/colimdo.org\/wp-api\/wp\/v2\/types\/post"}],"author":[{"embeddable":true,"href":"https:\/\/colimdo.org\/wp-api\/wp\/v2\/users\/16"}],"replies":[{"embeddable":true,"href":"https:\/\/colimdo.org\/wp-api\/wp\/v2\/comments?post=50906"}],"version-history":[{"count":1,"href":"https:\/\/colimdo.org\/wp-api\/wp\/v2\/posts\/50906\/revisions"}],"predecessor-version":[{"id":50908,"href":"https:\/\/colimdo.org\/wp-api\/wp\/v2\/posts\/50906\/revisions\/50908"}],"wp:featuredmedia":[{"embeddable":true,"href":"https:\/\/colimdo.org\/wp-api\/wp\/v2\/media\/50907"}],"wp:attachment":[{"href":"https:\/\/colimdo.org\/wp-api\/wp\/v2\/media?parent=50906"}],"wp:term":[{"taxonomy":"category","embeddable":true,"href":"https:\/\/colimdo.org\/wp-api\/wp\/v2\/categories?post=50906"},{"taxonomy":"post_tag","embeddable":true,"href":"https:\/\/colimdo.org\/wp-api\/wp\/v2\/tags?post=50906"}],"curies":[{"name":"wp","href":"https:\/\/api.w.org\/{rel}","templated":true}]}}