{"id":50918,"date":"2019-03-30T00:52:08","date_gmt":"2019-03-30T00:52:08","guid":{"rendered":"https:\/\/colimdo.org\/?p=50918"},"modified":"2019-03-30T00:52:18","modified_gmt":"2019-03-30T00:52:18","slug":"federacion-dominicana-vela-realiza-curso-entrenadores","status":"publish","type":"post","link":"https:\/\/colimdo.org\/noticias\/federacion-dominicana-vela-realiza-curso-entrenadores\/","title":{"rendered":"Federaci\u00f3n Dominicana de Vela realiza curso para entrenadores"},"content":{"rendered":"<p>SANTO DOMINGO. Con el tema \u201cEn la Ruta del Desarrollo y la Inclusi\u00f3n\u201d, directivos de la Federaci\u00f3n Dominicana de Vela (FDV) dieron apertura al curso de capacitaci\u00f3n para entrenadores en el sal\u00f3n Juan Ulises Garc\u00eda Saleta del Comit\u00e9 Ol\u00edmpico Dominicano (COD).<\/p>\n<p>La cuarta jornada de capacitaci\u00f3n para entrenadores de vela forma parte del programa de formaci\u00f3n y preparaci\u00f3n que ejecuta la Federaci\u00f3n Dominicana de Vela.<\/p>\n<p>En el encuentro fueron abordados temas como planificaci\u00f3n deportiva, preparaci\u00f3n t\u00e9cnica, ciclo ol\u00edmpico, la historia y valores del olimpismo, entre otros m\u00e1s.<\/p>\n<p>Adem\u00e1s, tuvo como objetivo concientizar a los entrenadores con el tema del deporte paraol\u00edmpico, \u201cya que estamos iniciando nuestro proyecto de Vela Adaptada\u201d, manifest\u00f3 Irina P\u00e9rez, vicepresidenta de la federaci\u00f3n.<\/p>\n<p>Durante la apertura, el licenciado Gilberto Garc\u00eda, secretario general del COD, resalt\u00f3 el inter\u00e9s de la federaci\u00f3n de vela de impulsar la inclusi\u00f3n y continuar con el desarrollo de esa disciplina.<\/p>\n<p>En la actividad estuvieron adem\u00e1s el profesor Luis Elpidio Cumba, como expositor; Juan Salvador Vallejo, enlace entre el Ministerio de Deportes y la FDV, as\u00ed como Tamara Valdez San Pedro, secretaria general de la federaci\u00f3n.<\/p>\n<p>El curso tuvo el apoyo del personal t\u00e9cnico de la Federaci\u00f3n Dominicana de Vela, Comit\u00e9 Ol\u00edmpico Dominicano y del Ministerio de Deportes.<\/p>\n","protected":false},"excerpt":{"rendered":"<p>La cuarta jornada de capacitaci\u00f3n para entrenadores de vela forma parte del programa de formaci\u00f3n y preparaci\u00f3n camino a la inclusi\u00f3n.<\/p>\n","protected":false},"author":13,"featured_media":50919,"comment_status":"closed","ping_status":"closed","sticky":false,"template":"","format":"standard","meta":[],"categories":[2,60],"tags":[],"acf":[],"_links":{"self":[{"href":"https:\/\/colimdo.org\/wp-api\/wp\/v2\/posts\/50918"}],"collection":[{"href":"https:\/\/colimdo.org\/wp-api\/wp\/v2\/posts"}],"about":[{"href":"https:\/\/colimdo.org\/wp-api\/wp\/v2\/types\/post"}],"author":[{"embeddable":true,"href":"https:\/\/colimdo.org\/wp-api\/wp\/v2\/users\/13"}],"replies":[{"embeddable":true,"href":"https:\/\/colimdo.org\/wp-api\/wp\/v2\/comments?post=50918"}],"version-history":[{"count":1,"href":"https:\/\/colimdo.org\/wp-api\/wp\/v2\/posts\/50918\/revisions"}],"predecessor-version":[{"id":50920,"href":"https:\/\/colimdo.org\/wp-api\/wp\/v2\/posts\/50918\/revisions\/50920"}],"wp:featuredmedia":[{"embeddable":true,"href":"https:\/\/colimdo.org\/wp-api\/wp\/v2\/media\/50919"}],"wp:attachment":[{"href":"https:\/\/colimdo.org\/wp-api\/wp\/v2\/media?parent=50918"}],"wp:term":[{"taxonomy":"category","embeddable":true,"href":"https:\/\/colimdo.org\/wp-api\/wp\/v2\/categories?post=50918"},{"taxonomy":"post_tag","embeddable":true,"href":"https:\/\/colimdo.org\/wp-api\/wp\/v2\/tags?post=50918"}],"curies":[{"name":"wp","href":"https:\/\/api.w.org\/{rel}","templated":true}]}}