{"id":50929,"date":"2019-03-30T12:08:10","date_gmt":"2019-03-30T12:08:10","guid":{"rendered":"https:\/\/colimdo.org\/?p=50929"},"modified":"2019-03-30T12:08:10","modified_gmt":"2019-03-30T12:08:10","slug":"lvsf-reconocera-este-domingo-jorge-perez-vento-previo-la-final","status":"publish","type":"post","link":"https:\/\/colimdo.org\/noticias\/lvsf-reconocera-este-domingo-jorge-perez-vento-previo-la-final\/","title":{"rendered":"LVSF reconocer\u00e1 este domingo  a Jorge P\u00e9rez Vento previo a la final"},"content":{"rendered":"<p>El Comit\u00e9 Organizador de la Liga Superior de Voleibol Femenino del Distrito Nacional anuncio ayer que rendir\u00e1 el este domingo un reconocimiento al exentrenador de la Selecci\u00f3n Nacional de Voleibol, Jorge Perez Vento.<\/p>\n<p>El presidente del Comit\u00e9, Horacio Mazara, informo que Jorge P\u00e9rez Vento, quien comenz\u00f3 a trabajar con la Selecci\u00f3n Nacional desde el 1994, har\u00e1 el saque de honor previo al primer juego de la serie final que libraran Mirador, equipo que dirigi\u00f3 P\u00e9rez Vento y las Caribe\u00f1as, actuales monarcas.<\/p>\n<p>\u201cHemos invitado a todas las jugadoras que estuvieron bajo sus manos, as\u00ed como a entrenadores y gente ligada al voleibol para que nos acompa\u00f1en este domingo en ese justo reconocimiento a P\u00e9rez Vento, cubano, nacionalizado dominicano.<\/p>\n<p>&nbsp;<\/p>\n","protected":false},"excerpt":{"rendered":"<p>El Comit\u00e9 Organizador de la Liga Superior de Voleibol Femenino del Distrito Nacional anuncio ayer que rendir\u00e1 el este domingo un reconocimiento al exentrenador de la Selecci\u00f3n Nacional de Voleibol, Jorge Perez Vento. El presidente del Comit\u00e9, Horacio Mazara, informo que Jorge P\u00e9rez Vento, quien comenz\u00f3 a trabajar con la Selecci\u00f3n Nacional desde el 1994, [&hellip;]<\/p>\n","protected":false},"author":9,"featured_media":50930,"comment_status":"closed","ping_status":"closed","sticky":false,"template":"","format":"standard","meta":[],"categories":[2,60],"tags":[],"acf":[],"_links":{"self":[{"href":"https:\/\/colimdo.org\/wp-api\/wp\/v2\/posts\/50929"}],"collection":[{"href":"https:\/\/colimdo.org\/wp-api\/wp\/v2\/posts"}],"about":[{"href":"https:\/\/colimdo.org\/wp-api\/wp\/v2\/types\/post"}],"author":[{"embeddable":true,"href":"https:\/\/colimdo.org\/wp-api\/wp\/v2\/users\/9"}],"replies":[{"embeddable":true,"href":"https:\/\/colimdo.org\/wp-api\/wp\/v2\/comments?post=50929"}],"version-history":[{"count":1,"href":"https:\/\/colimdo.org\/wp-api\/wp\/v2\/posts\/50929\/revisions"}],"predecessor-version":[{"id":50931,"href":"https:\/\/colimdo.org\/wp-api\/wp\/v2\/posts\/50929\/revisions\/50931"}],"wp:featuredmedia":[{"embeddable":true,"href":"https:\/\/colimdo.org\/wp-api\/wp\/v2\/media\/50930"}],"wp:attachment":[{"href":"https:\/\/colimdo.org\/wp-api\/wp\/v2\/media?parent=50929"}],"wp:term":[{"taxonomy":"category","embeddable":true,"href":"https:\/\/colimdo.org\/wp-api\/wp\/v2\/categories?post=50929"},{"taxonomy":"post_tag","embeddable":true,"href":"https:\/\/colimdo.org\/wp-api\/wp\/v2\/tags?post=50929"}],"curies":[{"name":"wp","href":"https:\/\/api.w.org\/{rel}","templated":true}]}}