{"id":50947,"date":"2019-03-31T00:29:07","date_gmt":"2019-03-31T00:29:07","guid":{"rendered":"https:\/\/colimdo.org\/?p=50947"},"modified":"2019-03-31T00:29:07","modified_gmt":"2019-03-31T00:29:07","slug":"lebron-se-perdera-resto-la-temporada-los-lakers","status":"publish","type":"post","link":"https:\/\/colimdo.org\/noticias\/lebron-se-perdera-resto-la-temporada-los-lakers\/","title":{"rendered":"LeBron se perder\u00e1 el resto de la temporada con los Lakers"},"content":{"rendered":"<p>LOS \u00c1NGELES (AP) \u2014 La primera temporada de LeBron James con los Lakers lleg\u00f3 a su fin.<\/p>\n<p>James no participar\u00e1 en los \u00faltimos seis partidos de la sexta temporada seguida de los Lakers con un balance negativo de victorias y derrotas, anunci\u00f3 el equipo el s\u00e1bado.<\/p>\n<p>En un comunicado, el presidente de operaciones de b\u00e1squetbol Magic Johnson y el gerente general Rob Pelinka aseguraron que la decisi\u00f3n permitir\u00e1 a James tener una recuperaci\u00f3n plena de la lesi\u00f3n en la ingle que le ha tenido a maltraer desde diciembre. Se trata de la primera lesi\u00f3n significativa que la s\u00faper estrella ha padecido en su carrera.<\/p>\n<p>\u201cLuego de consultar con nuestros doctores y personal m\u00e9dico, decimos que LeBron no compita en los partidos que quedan en la temporada\u201d, indic\u00f3 el comunicado. \u201cEsta decisi\u00f3n permitir\u00e1 que la ingle sane totalmente, y es lo mejor tanto para el \u00e9xito futuro de tanto Lebron como los Lakers\u201d.<\/p>\n<p>James es el quinto mejor anotador de la NBA, con 27.4 puntos por partidos, y promedia 8.5 rebotes y 8.3 asistencias en su primera temporada con los Lakers. Acompa\u00f1ar\u00e1 al equipo en su gira a Nueva Orle\u00e1ns y Oklahoma City, pero el veterano de 16 temporadas no volver\u00e1 a jugar en su primera campa\u00f1a sin presencia en los playoffs desde 2005, entonces su segundo a\u00f1o en la liga.<\/p>\n<p>James intervino en las \u00faltimas finales de la liga, con Miami y Cleveland. Pero baja el tel\u00f3n este a\u00f1o con apenas 55 partidos y 35.2 minutos por partido con los Lakers, las cifras m\u00e1s bajas de su carrera.<\/p>\n<p>Pese a la publicitada llegada de James, acompa\u00f1ado por Rajon Rondo y JaVale McGee, para liderar a una camada juvenil de los Lakers, Los \u00c1ngeles no pudo asimilar una serie de graves lesiones y tambi\u00e9n una crisis a mitad de temporada que socav\u00f3 la cohesi\u00f3n del equipo con el fallido intento de adquirir al astro Anthony Davis, en un canje que hubiera involucrado a varios jugadores.<\/p>\n<p>\u201cEra un desaf\u00edo, pero medio que sab\u00eda en lo que me estaba metiendo\u201d, dijo James a inicios de marzo.<\/p>\n<p>Los Lakers tienen marca de 34-42, luego de vencer 129-115 a Charlotte la noche del viernes, con James anotando 27 puntos en el que result\u00f3 ser su \u00faltima presentaci\u00f3n de la temporada.<\/p>\n","protected":false},"excerpt":{"rendered":"<p>LOS \u00c1NGELES (AP) \u2014 La primera temporada de LeBron James con los Lakers lleg\u00f3 a su fin. James no participar\u00e1 en los \u00faltimos seis partidos de la sexta temporada seguida de los Lakers con un balance negativo de victorias y derrotas, anunci\u00f3 el equipo el s\u00e1bado. En un comunicado, el presidente de operaciones de b\u00e1squetbol [&hellip;]<\/p>\n","protected":false},"author":9,"featured_media":50948,"comment_status":"closed","ping_status":"closed","sticky":false,"template":"","format":"standard","meta":[],"categories":[2,60],"tags":[],"acf":[],"_links":{"self":[{"href":"https:\/\/colimdo.org\/wp-api\/wp\/v2\/posts\/50947"}],"collection":[{"href":"https:\/\/colimdo.org\/wp-api\/wp\/v2\/posts"}],"about":[{"href":"https:\/\/colimdo.org\/wp-api\/wp\/v2\/types\/post"}],"author":[{"embeddable":true,"href":"https:\/\/colimdo.org\/wp-api\/wp\/v2\/users\/9"}],"replies":[{"embeddable":true,"href":"https:\/\/colimdo.org\/wp-api\/wp\/v2\/comments?post=50947"}],"version-history":[{"count":2,"href":"https:\/\/colimdo.org\/wp-api\/wp\/v2\/posts\/50947\/revisions"}],"predecessor-version":[{"id":50950,"href":"https:\/\/colimdo.org\/wp-api\/wp\/v2\/posts\/50947\/revisions\/50950"}],"wp:featuredmedia":[{"embeddable":true,"href":"https:\/\/colimdo.org\/wp-api\/wp\/v2\/media\/50948"}],"wp:attachment":[{"href":"https:\/\/colimdo.org\/wp-api\/wp\/v2\/media?parent=50947"}],"wp:term":[{"taxonomy":"category","embeddable":true,"href":"https:\/\/colimdo.org\/wp-api\/wp\/v2\/categories?post=50947"},{"taxonomy":"post_tag","embeddable":true,"href":"https:\/\/colimdo.org\/wp-api\/wp\/v2\/tags?post=50947"}],"curies":[{"name":"wp","href":"https:\/\/api.w.org\/{rel}","templated":true}]}}