{"id":50969,"date":"2019-03-31T17:45:21","date_gmt":"2019-03-31T17:45:21","guid":{"rendered":"https:\/\/colimdo.org\/?p=50969"},"modified":"2019-03-31T17:45:21","modified_gmt":"2019-03-31T17:45:21","slug":"comite-organizador-copa-panamericana-u19-se-reune-santo-domingo","status":"publish","type":"post","link":"https:\/\/colimdo.org\/noticias\/comite-organizador-copa-panamericana-u19-se-reune-santo-domingo\/","title":{"rendered":"Comit\u00e9 Organizador Copa Panamericana U19 se re\u00fane en Santo Domingo"},"content":{"rendered":"<p>SANTO DOMINGO, Rep\u00fablica Dominicana, 31 de marzo de 2019 &#8211; El Comit\u00e9 Organizador de la Copa Panamericana de Ni\u00f1os Sub-19 celebr\u00f3 una primera reuni\u00f3n para analizar las \u00e1reas m\u00e1s importantes del evento que se realizar\u00e1 en Santo Domingo del 22 al 29 de abril.<\/p>\n<p>A la reuni\u00f3n, presidida por el Dr. Milton Ray Guevara como presidente de OC, asistieron el presidente de NORCECA, Crist\u00f3bal Marte Hoffiz, y Alexis Garc\u00eda, presidenta de la Federaci\u00f3n Dominicana de Voleibol.<\/p>\n<p>Luego de una introducci\u00f3n de las caracter\u00edsticas de la competencia y los diferentes departamentos, se present\u00f3 y discuti\u00f3 un presupuesto general.<\/p>\n<p>Los miembros del CO, \u00c1ngel Rivas, Nelson Ram\u00edrez, Milagros Cabral y Arateide C\u00e1ceres comentaron sobre los posibles patrocinadores privados y p\u00fablicos para cubrir el presupuesto.<\/p>\n<p>Se program\u00f3 una visita al Albergue Ol\u00edmpico para verificar las instalaciones de alojamiento, as\u00ed como los servicios de comida para los equipos participantes.<\/p>\n<p>Se program\u00f3 una segunda reuni\u00f3n el 3 de abril, donde se presentar\u00e1 a todo el personal a cargo de las diferentes \u00e1reas de trabajo.<\/p>\n<p>El Dr. Guevara, presidente del Tribunal Constitucional de la Rep\u00fablica Dominicana y \u00e1vido seguidor del voleibol y otros deportes, est\u00e1 muy entusiasta y optimista sobre un evento exitoso en Santo Domingo.<\/p>\n","protected":false},"excerpt":{"rendered":"<p>SANTO DOMINGO, Rep\u00fablica Dominicana, 31 de marzo de 2019 &#8211; El Comit\u00e9 Organizador de la Copa Panamericana de Ni\u00f1os Sub-19 celebr\u00f3 una primera reuni\u00f3n para analizar las \u00e1reas m\u00e1s importantes del evento que se realizar\u00e1 en Santo Domingo del 22 al 29 de abril. A la reuni\u00f3n, presidida por el Dr. Milton Ray Guevara como [&hellip;]<\/p>\n","protected":false},"author":9,"featured_media":50970,"comment_status":"closed","ping_status":"closed","sticky":false,"template":"","format":"standard","meta":[],"categories":[2,60],"tags":[],"acf":[],"_links":{"self":[{"href":"https:\/\/colimdo.org\/wp-api\/wp\/v2\/posts\/50969"}],"collection":[{"href":"https:\/\/colimdo.org\/wp-api\/wp\/v2\/posts"}],"about":[{"href":"https:\/\/colimdo.org\/wp-api\/wp\/v2\/types\/post"}],"author":[{"embeddable":true,"href":"https:\/\/colimdo.org\/wp-api\/wp\/v2\/users\/9"}],"replies":[{"embeddable":true,"href":"https:\/\/colimdo.org\/wp-api\/wp\/v2\/comments?post=50969"}],"version-history":[{"count":1,"href":"https:\/\/colimdo.org\/wp-api\/wp\/v2\/posts\/50969\/revisions"}],"predecessor-version":[{"id":50971,"href":"https:\/\/colimdo.org\/wp-api\/wp\/v2\/posts\/50969\/revisions\/50971"}],"wp:featuredmedia":[{"embeddable":true,"href":"https:\/\/colimdo.org\/wp-api\/wp\/v2\/media\/50970"}],"wp:attachment":[{"href":"https:\/\/colimdo.org\/wp-api\/wp\/v2\/media?parent=50969"}],"wp:term":[{"taxonomy":"category","embeddable":true,"href":"https:\/\/colimdo.org\/wp-api\/wp\/v2\/categories?post=50969"},{"taxonomy":"post_tag","embeddable":true,"href":"https:\/\/colimdo.org\/wp-api\/wp\/v2\/tags?post=50969"}],"curies":[{"name":"wp","href":"https:\/\/api.w.org\/{rel}","templated":true}]}}