{"id":50972,"date":"2019-03-31T19:58:10","date_gmt":"2019-03-31T19:58:10","guid":{"rendered":"https:\/\/colimdo.org\/?p=50972"},"modified":"2019-03-31T19:58:10","modified_gmt":"2019-03-31T19:58:10","slug":"monte-plata-primer-lugar-campeonato-cadete-junior-judo","status":"publish","type":"post","link":"https:\/\/colimdo.org\/noticias\/monte-plata-primer-lugar-campeonato-cadete-junior-judo\/","title":{"rendered":"Monte Plata, primer lugar campeonato cadete y junior de judo"},"content":{"rendered":"<p><b><span lang=\"ES-DO\">SANTO DOMINGO<\/span><\/b><span lang=\"ES-DO\">. La Asociaci\u00f3n de Monte Plata se qued\u00f3 con el primer lugar general del\u00a0Campeonato Nacional kata, Cadete y Junior de Judo celebrado durante el fin de semana en la Casa Nacional de esa disciplina del Centro Ol\u00edmpico.<\/span><\/p>\n<p><span lang=\"ES-DO\">Los judocas de Monte Plata se alzaron con un total de 18 medallas, incluidas siete de oro, cinco de plata y seis de bronce para coronarse como campeones del certamen organizado por la Federaci\u00f3n Dominicana de Judo (Fedojudo) con el apoyo del Ministerio de Deportes.<\/span><\/p>\n<p><span lang=\"ES-DO\">\u201cEstamos trabajando con los j\u00f3venes a trav\u00e9s del judo y hemos tenido un gran resultado. Seguiremos desarrollando el judo con los ni\u00f1os y los j\u00f3venes\u201d, manifest\u00f3 Ruddy Contreras, presidente de la Asociaci\u00f3n de Judo de Monte Plata.<\/span><\/p>\n<p><span lang=\"ES-DO\">El segundo lugar lo ocup\u00f3 la Asociaci\u00f3n de Judo del Distrito Nacional, la cual sum\u00f3 siete preseas doradas, tres de plata y seis de bronce, para un total de 16 metales.<\/span><\/p>\n<p><span lang=\"ES-DO\">\u00a0La provincia Duarte, con 10 medallas (cinco de oro y cinco de bronce) se adjudic\u00f3 el trofeo de tercer lugar, en tanto que el cuarto pelda\u00f1o qued\u00f3 en manos de la representaci\u00f3n de Azua, que obtuvo nueve medallas, incluidas tres de oro, tres de plata e igual cantidad de bronce.<\/span><\/p>\n<p><span lang=\"ES-DO\">El quinto puesto lo gan\u00f3 San Juan de la Maguana, con tres metales dorados y tres de bronce, en tanto que el sexto lugar fue para San Pedro de Macor\u00eds, con dos oros, una plata y siete medallas de bronce, en tanto que la provincia Santo Domingo termin\u00f3 en octavo puesto, con un oro, dos platas y tres bronces.<\/span><\/p>\n<p><b><span lang=\"ES-DO\">Ganadores por modalidades<\/span><\/b><\/p>\n<p><span lang=\"ES-DO\">La provincia Duarte, con dos medallas de oro y una de bronce, ocup\u00f3 el primer lugar en kata, seguida por San Juan, con un oro, as\u00ed como Monte Plata y Azua, con sendas preseas de plata, y Santo Domingo, con un bronce.<\/span><\/p>\n<p><span lang=\"ES-DO\">En cadete, el primer lugar fue para Monte Plata, con cinco preseas doradas, dos de plata y cinco de bronce, seguido por el Distrito Nacional, con tres medallas doradas, una de plata y tres de bronce, mientras que el tercer esca\u00f1o lo ocup\u00f3 San Pedro de Macor\u00eds, con dos metales de oro y cuatro de bronce.<\/span><\/p>\n<p><span lang=\"ES-DO\">En junior, gan\u00f3 el primer puesto fue para el Distrito Nacional, con cuatro medallas de oro, dos de plata y tres de bronce, mientras que segundo lugar lo obtuvo Monte Plata, con dos oros, dos platas y un bronce, y el tercer pelda\u00f1o lo logr\u00f3 San Juan de la Maguana, con dos medallas de oro y un bronce.<\/span><\/p>\n","protected":false},"excerpt":{"rendered":"<p>SANTO DOMINGO. La Asociaci\u00f3n de Monte Plata se qued\u00f3 con el primer lugar general del\u00a0Campeonato Nacional kata, Cadete y Junior de Judo celebrado durante el fin de semana en la Casa Nacional de esa disciplina del Centro Ol\u00edmpico. Los judocas de Monte Plata se alzaron con un total de 18 medallas, incluidas siete de oro, [&hellip;]<\/p>\n","protected":false},"author":9,"featured_media":50973,"comment_status":"closed","ping_status":"closed","sticky":false,"template":"","format":"standard","meta":[],"categories":[3,2,60],"tags":[],"acf":[],"_links":{"self":[{"href":"https:\/\/colimdo.org\/wp-api\/wp\/v2\/posts\/50972"}],"collection":[{"href":"https:\/\/colimdo.org\/wp-api\/wp\/v2\/posts"}],"about":[{"href":"https:\/\/colimdo.org\/wp-api\/wp\/v2\/types\/post"}],"author":[{"embeddable":true,"href":"https:\/\/colimdo.org\/wp-api\/wp\/v2\/users\/9"}],"replies":[{"embeddable":true,"href":"https:\/\/colimdo.org\/wp-api\/wp\/v2\/comments?post=50972"}],"version-history":[{"count":1,"href":"https:\/\/colimdo.org\/wp-api\/wp\/v2\/posts\/50972\/revisions"}],"predecessor-version":[{"id":50974,"href":"https:\/\/colimdo.org\/wp-api\/wp\/v2\/posts\/50972\/revisions\/50974"}],"wp:featuredmedia":[{"embeddable":true,"href":"https:\/\/colimdo.org\/wp-api\/wp\/v2\/media\/50973"}],"wp:attachment":[{"href":"https:\/\/colimdo.org\/wp-api\/wp\/v2\/media?parent=50972"}],"wp:term":[{"taxonomy":"category","embeddable":true,"href":"https:\/\/colimdo.org\/wp-api\/wp\/v2\/categories?post=50972"},{"taxonomy":"post_tag","embeddable":true,"href":"https:\/\/colimdo.org\/wp-api\/wp\/v2\/tags?post=50972"}],"curies":[{"name":"wp","href":"https:\/\/api.w.org\/{rel}","templated":true}]}}