{"id":51012,"date":"2019-04-01T18:21:22","date_gmt":"2019-04-01T18:21:22","guid":{"rendered":"https:\/\/colimdo.org\/?p=51012"},"modified":"2019-04-01T18:21:22","modified_gmt":"2019-04-01T18:21:22","slug":"movimiento-paralimpico-destaca-importancia-juegos-parapanamericanos","status":"publish","type":"post","link":"https:\/\/colimdo.org\/noticias\/movimiento-paralimpico-destaca-importancia-juegos-parapanamericanos\/","title":{"rendered":"Movimiento Paral\u00edmpico destaca importancia Juegos Parapanamericanos"},"content":{"rendered":"<p>\u201cLos Juegos Parapanamericanos ser\u00e1n la ventana que necesitan las personas con discapacidad para tener visibilidad\u201d, se\u00f1al\u00f3, Luisa Villar, presidenta de la Asociaci\u00f3n Nacional Paral\u00edmpica.<\/p>\n<p>Estas declaraciones las brind\u00f3 durante el taller de concientizaci\u00f3n \u201cI\u2019m POSSIBLE\u201d, que reuni\u00f3 a m\u00e1s de 70 profesores de instituciones educativas y deportivas, con el fin de que sensibilicen y concienticen a las personas en etapa escolar, a trav\u00e9s de charlas y actividades l\u00fadicas, sobre todo lo referente al Movimiento Paral\u00edmpico.<\/p>\n<p>Ante la cercan\u00eda de los Juegos Parapanamericanos, Derly Delgado, entrenador de Para B\u00e1dminton, asegur\u00f3 que \u201clos Juegos ser\u00e1n un evento muy importante, porque permitir\u00e1 cambiar la mirada hacia las personas con discapacidad\u201d.<\/p>\n<p>Por su parte, Sorei N\u00fa\u00f1ez, profesora del Colegio Pamer, afirm\u00f3 que \u201cel conocimiento del Para Deporte motivar\u00e1 a los ni\u00f1os a ir a alentar a los Para atletas. Los Juegos dejar\u00e1n un legado no solo por la infraestructura, sino por el propio deporte\u201d.<\/p>\n<p>A su turno, Jos\u00e9 Gonz\u00e1lez-Mugaburu, Para atleta con presencia en 6 Para Olimpiadas y 10 Parapanamericanos en Nataci\u00f3n, espera que Lima 2019 pueda educar a los ni\u00f1os, pero, sobre todo, que sirva para que la gente se comprometa a ser solidarios, es decir, que todos seamos iguales\u201d, indic\u00f3.<\/p>\n<p>Este taller es un proyecto educativo que busca que los j\u00f3venes entre 6 y 18 a\u00f1os conozcan el Movimiento Paral\u00edmpico y los valores Paral\u00edmpicos. Para ello, se ense\u00f1an las diferentes herramientas a los profesores, con el fin de que, luego, a trav\u00e9s de acciones l\u00fadicas, compartan a sus alumnos el sentir de una persona con discapacidad.<\/p>\n<p>\u201cEste taller sensibiliza y logra compartir muchos aspectos que se pueden duplicar hacia los ni\u00f1os. Es un momento vivencial muy importante, porque en el colegio empieza todo\u201d, finaliz\u00f3 N\u00fa\u00f1ez.<\/p>\n<p>El 23 de agosto, Lima ser\u00e1 testigo del inicio del inicio de los Juegos Parapanamericanos que albergar\u00e1n a 1890 atletas de 33 pa\u00edses que participar\u00e1n en 17 deportes y 18 disciplinas.<\/p>\n","protected":false},"excerpt":{"rendered":"<p>\u201cLos Juegos Parapanamericanos ser\u00e1n la ventana que necesitan las personas con discapacidad para tener visibilidad\u201d, se\u00f1al\u00f3, Luisa Villar, presidenta de la Asociaci\u00f3n Nacional Paral\u00edmpica. Estas declaraciones las brind\u00f3 durante el taller de concientizaci\u00f3n \u201cI\u2019m POSSIBLE\u201d, que reuni\u00f3 a m\u00e1s de 70 profesores de instituciones educativas y deportivas, con el fin de que sensibilicen y concienticen [&hellip;]<\/p>\n","protected":false},"author":9,"featured_media":51013,"comment_status":"closed","ping_status":"closed","sticky":false,"template":"","format":"standard","meta":[],"categories":[2,60],"tags":[],"acf":[],"_links":{"self":[{"href":"https:\/\/colimdo.org\/wp-api\/wp\/v2\/posts\/51012"}],"collection":[{"href":"https:\/\/colimdo.org\/wp-api\/wp\/v2\/posts"}],"about":[{"href":"https:\/\/colimdo.org\/wp-api\/wp\/v2\/types\/post"}],"author":[{"embeddable":true,"href":"https:\/\/colimdo.org\/wp-api\/wp\/v2\/users\/9"}],"replies":[{"embeddable":true,"href":"https:\/\/colimdo.org\/wp-api\/wp\/v2\/comments?post=51012"}],"version-history":[{"count":1,"href":"https:\/\/colimdo.org\/wp-api\/wp\/v2\/posts\/51012\/revisions"}],"predecessor-version":[{"id":51014,"href":"https:\/\/colimdo.org\/wp-api\/wp\/v2\/posts\/51012\/revisions\/51014"}],"wp:featuredmedia":[{"embeddable":true,"href":"https:\/\/colimdo.org\/wp-api\/wp\/v2\/media\/51013"}],"wp:attachment":[{"href":"https:\/\/colimdo.org\/wp-api\/wp\/v2\/media?parent=51012"}],"wp:term":[{"taxonomy":"category","embeddable":true,"href":"https:\/\/colimdo.org\/wp-api\/wp\/v2\/categories?post=51012"},{"taxonomy":"post_tag","embeddable":true,"href":"https:\/\/colimdo.org\/wp-api\/wp\/v2\/tags?post=51012"}],"curies":[{"name":"wp","href":"https:\/\/api.w.org\/{rel}","templated":true}]}}