{"id":51018,"date":"2019-04-01T18:25:23","date_gmt":"2019-04-01T18:25:23","guid":{"rendered":"https:\/\/colimdo.org\/?p=51018"},"modified":"2019-04-01T18:25:23","modified_gmt":"2019-04-01T18:25:23","slug":"paises-confirman-participacion-rd-torneo-paises-emergentes-balonmano","status":"publish","type":"post","link":"https:\/\/colimdo.org\/noticias\/paises-confirman-participacion-rd-torneo-paises-emergentes-balonmano\/","title":{"rendered":"Pa\u00edses confirman participaci\u00f3n en RD  en Torneo Pa\u00edses Emergentes de Balonmano"},"content":{"rendered":"<p><span lang=\"ES-DO\">El Campeonato de Naciones Emergentes de\u00a0Balonmano\u00a0ub-24 masculino que se iniciar\u00e1 el d\u00eda ocho de este mes, ya cuenta con la confirmaci\u00f3n de los pa\u00edses de M\u00e9xico, Barbados, Dominica, Canad\u00e1, Cuba, Martinica, Hait\u00ed, San Kits and Nevis; Trinidad &amp; Tobago, Estados Unidos y Rep\u00fablica Dominicana.<\/span><\/p>\n<p><span lang=\"ES-DO\">La afirmaci\u00f3n la hizo ayer el presidente de la Federaci\u00f3n Dominicana de Balonmano, Miguel Rivera, en un despacho de prensa.<\/span><\/p>\n<p><span lang=\"ES-DO\">Afirm\u00f3 que el Pabell\u00f3n de Balonmano lucir\u00e1 en excelentes condiciones, gracias a las instrucciones dadas por el Ministro de Deportes, Danilo Diaz, quien est\u00e1 brindando su respaldo a la justa internacional, al igual que el apoyo del Comit\u00e9 Olimpico Dominicano.<\/span><\/p>\n<p><span lang=\"ES-DO\">El Torneo de Pa\u00edses Emergentes de Balonmano Sub-24 estar\u00e1 dedicado al Mayor General, Elvis Marcelino Feliz P\u00e9rez, por sus grandes aportes al deporte nacional.<\/span><\/p>\n<p><span lang=\"ES-DO\">Indic\u00f3 que el evento dar\u00e1 una plaza para el Campeonato Mundial Sub-24 masculino de Balonmano.<\/span><\/p>\n<p><span lang=\"ES-DO\">El torneo es el primero que tiene lugar en el continente Americano y es auspiciado por la Federaci\u00f3n Internacional de\u00a0Balonmano, entidad que busca promover ese deporte a nivel mundial, recalc\u00f3 Miguel \u2013Nino- Rivera, presidente de la Federaci\u00f3n Dominicana de\u00a0Balonmano\u00a0(Fedobal\u00f3n).<\/span><\/p>\n<p><span lang=\"ES-DO\">El ganador de este torneo obtendr\u00e1 una plaza para el Campeonato Mundial de\u00a0Balonmano\u00a0que ser\u00e1 efectuado en el \u00faltimo cuatrimestre del a\u00f1o.<\/span><\/p>\n<p><span lang=\"ES-DO\">\u201cEste es un evento con mucha calidad. Nuestra selecci\u00f3n ir\u00e0\u00c1en busca de un buen resultado, ya que estamos preparados y con una buena base de entrenamiento\u201d, acot\u00f3.<\/span><\/p>\n<p><span lang=\"ES-DO\">El sistema de competencias establece que los 12 equipos estar\u00e1n divididos en cuatro grupos de tres selecciones cada uno y los dos mejores de cada grupo pasar\u00e1n a un cruce con los iguales de los otros dos.<\/span><\/p>\n<p><span lang=\"ES-DO\">Las jornadas de competencia, que incluir\u00e1 cuatro partidos por d\u00eda, comenzar\u00e1n desde las 2:00 de la tarde el lunes 8 de abril.<\/span><\/p>\n<p><span lang=\"ES-DO\">Por su parte, el licenciado Luis Mej\u00eda, presidente del Comit\u00e9 Ol\u00edmpico Dominicano, valor\u00f3 como positivo la confianza de la Federaci\u00f3n Internacional de\u00a0Balonmano\u00a0en montar este campeonato en el pa\u00eds.<\/span><\/p>\n","protected":false},"excerpt":{"rendered":"<p>El Campeonato de Naciones Emergentes de\u00a0Balonmano\u00a0ub-24 masculino que se iniciar\u00e1 el d\u00eda ocho de este mes, ya cuenta con la confirmaci\u00f3n de los pa\u00edses de M\u00e9xico, Barbados, Dominica, Canad\u00e1, Cuba, Martinica, Hait\u00ed, San Kits and Nevis; Trinidad &amp; Tobago, Estados Unidos y Rep\u00fablica Dominicana. La afirmaci\u00f3n la hizo ayer el presidente de la Federaci\u00f3n Dominicana [&hellip;]<\/p>\n","protected":false},"author":9,"featured_media":51019,"comment_status":"closed","ping_status":"closed","sticky":false,"template":"","format":"standard","meta":[],"categories":[3,2,60],"tags":[],"acf":[],"_links":{"self":[{"href":"https:\/\/colimdo.org\/wp-api\/wp\/v2\/posts\/51018"}],"collection":[{"href":"https:\/\/colimdo.org\/wp-api\/wp\/v2\/posts"}],"about":[{"href":"https:\/\/colimdo.org\/wp-api\/wp\/v2\/types\/post"}],"author":[{"embeddable":true,"href":"https:\/\/colimdo.org\/wp-api\/wp\/v2\/users\/9"}],"replies":[{"embeddable":true,"href":"https:\/\/colimdo.org\/wp-api\/wp\/v2\/comments?post=51018"}],"version-history":[{"count":1,"href":"https:\/\/colimdo.org\/wp-api\/wp\/v2\/posts\/51018\/revisions"}],"predecessor-version":[{"id":51020,"href":"https:\/\/colimdo.org\/wp-api\/wp\/v2\/posts\/51018\/revisions\/51020"}],"wp:featuredmedia":[{"embeddable":true,"href":"https:\/\/colimdo.org\/wp-api\/wp\/v2\/media\/51019"}],"wp:attachment":[{"href":"https:\/\/colimdo.org\/wp-api\/wp\/v2\/media?parent=51018"}],"wp:term":[{"taxonomy":"category","embeddable":true,"href":"https:\/\/colimdo.org\/wp-api\/wp\/v2\/categories?post=51018"},{"taxonomy":"post_tag","embeddable":true,"href":"https:\/\/colimdo.org\/wp-api\/wp\/v2\/tags?post=51018"}],"curies":[{"name":"wp","href":"https:\/\/api.w.org\/{rel}","templated":true}]}}