{"id":51024,"date":"2019-04-01T18:32:17","date_gmt":"2019-04-01T18:32:17","guid":{"rendered":"https:\/\/colimdo.org\/?p=51024"},"modified":"2019-04-01T18:32:17","modified_gmt":"2019-04-01T18:32:17","slug":"tatis-jr-jimenez-vivieron-primera-semana-inolvidable-las-mayores","status":"publish","type":"post","link":"https:\/\/colimdo.org\/noticias\/tatis-jr-jimenez-vivieron-primera-semana-inolvidable-las-mayores\/","title":{"rendered":"Tatis Jr. y Jim\u00e9nez vivieron primera semana inolvidable en las Mayores"},"content":{"rendered":"<p>La primera semana de la temporada en las Grandes Ligas fue muy especial para Fernando Tatis Jr y Eloy Jim\u00e9nez. En particular, los dos dominicanos recordar\u00e1n el d\u00eda inaugural de la campa\u00f1a.<\/p>\n<p>Sobre todo porque uno no estuvo en El Paso ni el otro en Charlotte.<\/p>\n<p>Lo com\u00fan es que los principales prospectos del b\u00e9isbol pasen alg\u00fan tiempo en las ligas menores al comienzo de la temporada. Sin embargo, los Padres y los Medias Blancas colocaron a Tatis y a Jim\u00e9nez en sus respectivas n\u00f3minas de las mayores este a\u00f1o, y ambos debutaron en el m\u00e1ximo circuito el jueves.<\/p>\n<p>Tatis, campocorto, peg\u00f3 dos hits en la victoria de San Diego sobre San Francisco. Jim\u00e9nez, jardinero, anot\u00f3 una carrera y produjo otra durante la derrota de Chicago ante Kansas City.<\/p>\n<div id=\"div-gpt-ad-1470255291270-0\" class=\"DFPSlot\" data-key=\"ad-placeholder\" data-google-query-id=\"COehvq_Dr-ECFZAIswAdVd8LAg\">\n<p>El a\u00f1o pasado, Jim\u00e9nez bate\u00f3 para .355 en 55 juegos de la sucursal de la Triple A en Charlotte. Poco antes del comienzo de la presente temporada, firm\u00f3 un contrato por seis a\u00f1os y 43 millones de d\u00f3lares _un r\u00e9cord para un pelotero bajo control del club y que no hab\u00eda aparecido en un solo encuentro de las mayores.<\/p>\n<p>As\u00ed que no fue sorpresa ver a Jim\u00e9nez de inmediato en las Grandes Ligas.<\/p>\n<p>La situaci\u00f3n de Tatis fue distinta. Posponer unas semanas el tiempo de servicio de un pelotero puede postergar la fecha en que est\u00e1 habilitado para declararse agente libre, y Tatis no hab\u00eda jugado en una categor\u00eda superior a la Doble A.<\/p>\n<p>Pero en vez de enviarlo al equipo de Triple A en El Paso, los Padres lo colocaron directamente en las mayores.<\/p>\n<p>\u201cLe dije a mi padre que yo estaba pensando en las menores\u201d, revel\u00f3 Tatis. \u201cSi me enviaban all\u00e1, no me habr\u00eda sorprendido. Si me convocaban a las mayores iba a ser una gran sorpresa\u201d.<\/p>\n<p>El padre hom\u00f3nimo de Tatis fue pelotero de Grandes Ligas. El hijo, quien cumpli\u00f3 20 a\u00f1os el 2 de enero, se convirti\u00f3 en el pelotero m\u00e1s joven en jugar de inicio el encuentro inaugural desde que el dominicano Adri\u00e1n Beltr\u00e9 lo hizo en 1999 a los 19 a\u00f1os.<\/p>\n<p>Fue tambi\u00e9n el jugador m\u00e1s joven en conectar m\u00e1s de un hit en un partido inaugural desde Robin Yount en 1975.<\/p>\n<p>Tatis es considerado por mlb.com el segundo mejor prospecto, detr\u00e1s de Vladimir Guerrero Jr., otro pelotero cuyo padre, dominicano y del mismo nombre, estuvo en las mayores.<\/p>\n<p>El debate sobre si Guerrero deber\u00eda comenzar la campa\u00f1a en las menores con los Azulejos de Toronto se volvi\u00f3 balad\u00ed cuando qued\u00f3 fuera de combate por un tir\u00f3n en el m\u00fasculo oblicuo izquierdo.<\/p>\n<\/div>\n","protected":false},"excerpt":{"rendered":"<p>La primera semana de la temporada en las Grandes Ligas fue muy especial para Fernando Tatis Jr y Eloy Jim\u00e9nez. En particular, los dos dominicanos recordar\u00e1n el d\u00eda inaugural de la campa\u00f1a. Sobre todo porque uno no estuvo en El Paso ni el otro en Charlotte. Lo com\u00fan es que los principales prospectos del b\u00e9isbol [&hellip;]<\/p>\n","protected":false},"author":9,"featured_media":51025,"comment_status":"closed","ping_status":"closed","sticky":false,"template":"","format":"standard","meta":[],"categories":[2,60],"tags":[],"acf":[],"_links":{"self":[{"href":"https:\/\/colimdo.org\/wp-api\/wp\/v2\/posts\/51024"}],"collection":[{"href":"https:\/\/colimdo.org\/wp-api\/wp\/v2\/posts"}],"about":[{"href":"https:\/\/colimdo.org\/wp-api\/wp\/v2\/types\/post"}],"author":[{"embeddable":true,"href":"https:\/\/colimdo.org\/wp-api\/wp\/v2\/users\/9"}],"replies":[{"embeddable":true,"href":"https:\/\/colimdo.org\/wp-api\/wp\/v2\/comments?post=51024"}],"version-history":[{"count":1,"href":"https:\/\/colimdo.org\/wp-api\/wp\/v2\/posts\/51024\/revisions"}],"predecessor-version":[{"id":51026,"href":"https:\/\/colimdo.org\/wp-api\/wp\/v2\/posts\/51024\/revisions\/51026"}],"wp:featuredmedia":[{"embeddable":true,"href":"https:\/\/colimdo.org\/wp-api\/wp\/v2\/media\/51025"}],"wp:attachment":[{"href":"https:\/\/colimdo.org\/wp-api\/wp\/v2\/media?parent=51024"}],"wp:term":[{"taxonomy":"category","embeddable":true,"href":"https:\/\/colimdo.org\/wp-api\/wp\/v2\/categories?post=51024"},{"taxonomy":"post_tag","embeddable":true,"href":"https:\/\/colimdo.org\/wp-api\/wp\/v2\/tags?post=51024"}],"curies":[{"name":"wp","href":"https:\/\/api.w.org\/{rel}","templated":true}]}}