{"id":51030,"date":"2019-04-01T21:34:38","date_gmt":"2019-04-01T21:34:38","guid":{"rendered":"https:\/\/colimdo.org\/?p=51030"},"modified":"2019-04-01T21:44:36","modified_gmt":"2019-04-01T21:44:36","slug":"comite-ejecutivo-del-cod-sesionara-este-martes-club-mauricio-baez","status":"publish","type":"post","link":"https:\/\/colimdo.org\/noticias\/comite-ejecutivo-del-cod-sesionara-este-martes-club-mauricio-baez\/","title":{"rendered":"Comit\u00e9 Ejecutivo del COD sesionar\u00e1 este martes en club Mauricio B\u00e1ez"},"content":{"rendered":"<p><strong>SANTO DOMINGO<\/strong>.- El Comit\u00e9 Ejecutivo del Comit\u00e9 Ol\u00edmpico Dominicano (COD) realizar\u00e1 este martes su reuni\u00f3n ordinaria mensual en las facilidades del club Mauricio B\u00e1ez.<\/p>\n<p>La reuni\u00f3n se llevar\u00e1 a cabo este martes, a las 11:00 de la ma\u00f1ana.<\/p>\n<p>Esta es la primera de una serie de reuniones del Comit\u00e9 Ejecutivo del COD que se estar\u00e1n llevando a cabo fuera de la sede del organismo.<\/p>\n<p>Una nota de la Oficina de Prensa del COD indica que esta reuni\u00f3n es parte de un plan de contactos con los clubes deportivos del pa\u00eds.<\/p>\n<p>Esto fue anunciado en febrero pasado por el licenciado Luis Mej\u00eda Oviedo, presidente del COD, durante su discurso, en la Gala Ol\u00edmpica celebrada en el Sal\u00f3n La Fiesta del hotel Jaragua.<\/p>\n<p>Reuniones como estas ser\u00e1n realizadas en otras entidades de esta capital y el interior del pa\u00eds.<\/p>\n<p>Se recuerda que Mej\u00eda Oviedo dijo: \u201csaldremos a los clubes y al interior del pa\u00eds\u201d, como una forma de acercarse a la comunidad deportiva, social y cultural del pa\u00eds.<\/p>\n<p>Este sesi\u00f3n corresponde con la reuni\u00f3n mensual del Comit\u00e9 Ejecutivo del COD que debe efectuarse el primer martes de cada mes.<\/p>\n<p>A esta reuni\u00f3n deben asistir, adem\u00e1s de Mej\u00eda, los vicepresidentes Antonio Acosta, Luis Chanlatte y Rafael Uribe, as\u00ed como Gilberto Garc\u00eda, secretario general; Gerardo Suero Correa, co secretario; Jos\u00e9 Luis Ram\u00edrez, tesorero; Edwin Rodr\u00edguez, co tesorero y los vocales Nelson Ram\u00edrez, Dulce Mar\u00eda Pi\u00f1a y Rafael Villalona Calero.<\/p>\n<p>Tambi\u00e9n, el doctor Jos\u00e9 Joaqu\u00edn Puello, presidente Ad Vitam, Nelly Manuel Do\u00f1\u00e9, miembro y F\u00e9lix S\u00e1nchez, en representaci\u00f3n de los atletas.<\/p>\n<p>Es la primera vez en muchos a\u00f1os, que los ejecutivos del COD celebran una reuni\u00f3n fuera de la sede ol\u00edmpica.<\/p>\n","protected":false},"excerpt":{"rendered":"<p>La reuni\u00f3n se llevar\u00e1 a cabo este martes, a las 11:00 de la ma\u00f1ana como parte de una serie de encuentros fuera de los salones del organismo ol\u00edmpico.<\/p>\n","protected":false},"author":13,"featured_media":51031,"comment_status":"closed","ping_status":"closed","sticky":false,"template":"","format":"standard","meta":[],"categories":[2],"tags":[],"acf":[],"_links":{"self":[{"href":"https:\/\/colimdo.org\/wp-api\/wp\/v2\/posts\/51030"}],"collection":[{"href":"https:\/\/colimdo.org\/wp-api\/wp\/v2\/posts"}],"about":[{"href":"https:\/\/colimdo.org\/wp-api\/wp\/v2\/types\/post"}],"author":[{"embeddable":true,"href":"https:\/\/colimdo.org\/wp-api\/wp\/v2\/users\/13"}],"replies":[{"embeddable":true,"href":"https:\/\/colimdo.org\/wp-api\/wp\/v2\/comments?post=51030"}],"version-history":[{"count":1,"href":"https:\/\/colimdo.org\/wp-api\/wp\/v2\/posts\/51030\/revisions"}],"predecessor-version":[{"id":51032,"href":"https:\/\/colimdo.org\/wp-api\/wp\/v2\/posts\/51030\/revisions\/51032"}],"wp:featuredmedia":[{"embeddable":true,"href":"https:\/\/colimdo.org\/wp-api\/wp\/v2\/media\/51031"}],"wp:attachment":[{"href":"https:\/\/colimdo.org\/wp-api\/wp\/v2\/media?parent=51030"}],"wp:term":[{"taxonomy":"category","embeddable":true,"href":"https:\/\/colimdo.org\/wp-api\/wp\/v2\/categories?post=51030"},{"taxonomy":"post_tag","embeddable":true,"href":"https:\/\/colimdo.org\/wp-api\/wp\/v2\/tags?post=51030"}],"curies":[{"name":"wp","href":"https:\/\/api.w.org\/{rel}","templated":true}]}}