{"id":51033,"date":"2019-04-02T02:27:35","date_gmt":"2019-04-02T02:27:35","guid":{"rendered":"https:\/\/colimdo.org\/?p=51033"},"modified":"2019-04-02T02:27:35","modified_gmt":"2019-04-02T02:27:35","slug":"milan-cortina-segunda-ultima-parada-del-coi-decidir-los-juegos-invierno","status":"publish","type":"post","link":"https:\/\/colimdo.org\/noticias\/milan-cortina-segunda-ultima-parada-del-coi-decidir-los-juegos-invierno\/","title":{"rendered":"Mil\u00e1n-Cortina, segunda y \u00faltima parada del COI antes de decidir los Juegos de Invierno"},"content":{"rendered":"<p class=\"canvas-atom canvas-text Mb(1.0em) Mb(0)--sm Mt(0.8em)--sm\">Redacci\u00f3n Deportes, 1 abr (EFE).- Tres semanas despu\u00e9s de comprobar que la candidatura de Estocolmo-Are-Falun &#8220;saca el m\u00e1ximo provecho de las infraestructuras existentes&#8221;, la Comisi\u00f3n de Evaluaci\u00f3n del COI para los Juegos de Invierno de 2026 examinar\u00e1 de martes a s\u00e1bado el proyecto de Mil\u00e1n-Cortina, el \u00fanico que rivaliza con los suecos.<\/p>\n<p class=\"canvas-atom canvas-text Mb(1.0em) Mb(0)--sm Mt(0.8em)--sm\">La elecci\u00f3n de la sede de los Juegos ser\u00e1 el 24 de junio en Lausana (Suiza).<\/p>\n<p class=\"canvas-atom canvas-text Mb(1.0em) Mb(0)--sm Mt(0.8em)--sm\">El presidente del Comit\u00e9 Ol\u00edmpico Italiano (CONI), Giovanni Malag\u00f3, ha pedido &#8220;diplomacia&#8221; para centrarse en sus virtudes y &#8220;no hablar mal de Estocolmo que, adem\u00e1s de poco elegante, no ser\u00eda muy productivo&#8221;.<\/p>\n<p class=\"canvas-atom canvas-text Mb(1.0em) Mb(0)--sm Mt(0.8em)--sm\">El grupo examinador del COI est\u00e1 presidido por el rumano Octavian Morariu, titular de la federaci\u00f3n europea de rugby.<\/p>\n<p class=\"canvas-atom canvas-text Mb(1.0em) Mb(0)--sm Mt(0.8em)--sm\">El subsecretario para la Presidencia del Gobierno, Giancarlo Giorgetti, dar\u00e1 la bienvenida a los enviados del COI, que visitar\u00e1n Cortina d&#8217;Ampezzo, Anterselva, Baselga di Pin\u00e9, Predazzo, Tesero, Livigno y Mil\u00e1n, localidades que se repartir\u00edan las sedes deportivas en caso de obtener los Juegos.<\/p>\n<p class=\"canvas-atom canvas-text Mb(1.0em) Mb(0)--sm Mt(0.8em)--sm\">En la capital de Lombard\u00eda estar\u00e1n el jueves y el viernes y all\u00ed inspeccionar\u00e1n, entre otras instalaciones, el estadio de San Siro, apenas unos d\u00edas despu\u00e9s de que se conociera un estudio de los clubes de f\u00fatbol Milan e Inter para derribar la actual instalaci\u00f3n y construir otra en el mismo emplazamiento, que estar\u00eda acabada en 2024.<\/p>\n<p class=\"canvas-atom canvas-text Mb(1.0em) Mb(0)--sm Mt(0.8em)--sm\">San Siro est\u00e1 incluida en la candidatura ol\u00edmpica como sede de la ceremonia inaugural de los Juegos. En otros estadios de Mil\u00e1n se disputar\u00edan distintas disciplinas de hielo.<\/p>\n<p class=\"canvas-atom canvas-text Mb(1.0em) Mb(0)--sm Mt(0.8em)--sm\">Concluida la visita a las regiones italianas de Lombard\u00eda y Veneto, la Comisi\u00f3n de Evaluaci\u00f3n redactar\u00e1 un informe que trasladar\u00e1 a los miembros del COI para que decidan su voto en la elecci\u00f3n del 24 de junio.<\/p>\n<p class=\"canvas-atom canvas-text Mb(1.0em) Mb(0)--sm Mt(0.8em)--sm\">&#8220;Soy optimista y respeto a mi rival&#8221;, ha indicado Malag\u00f3.<\/p>\n<p class=\"canvas-atom canvas-text Mb(1.0em) Mb(0)--sm Mt(0.8em)--sm\">La carrera por los Juegos de 2026 qued\u00f3 reducida a dos competidores tras las renuncias de otras precandidatas como Sion (Suiza), Graz (Asutria), Calgary (Canad\u00e1) y Sapporo (Jap\u00f3n) por falta de apoyo popular o pol\u00edtico.<\/p>\n<p class=\"canvas-atom canvas-text Mb(1.0em) Mb(0)--sm Mt(0.8em)--sm\">Los Juegos de 2022 se disputar\u00e1n en Pek\u00edn, primera ciudad que ser\u00e1 sede ol\u00edmpica de invierno y de verano<\/p>\n","protected":false},"excerpt":{"rendered":"<p>El grupo examinador del COI est\u00e1 presidido por el rumano Octavian Morariu, titular de la federaci\u00f3n europea de rugby.<\/p>\n","protected":false},"author":16,"featured_media":51034,"comment_status":"closed","ping_status":"closed","sticky":false,"template":"","format":"standard","meta":[],"categories":[2,60],"tags":[],"acf":[],"_links":{"self":[{"href":"https:\/\/colimdo.org\/wp-api\/wp\/v2\/posts\/51033"}],"collection":[{"href":"https:\/\/colimdo.org\/wp-api\/wp\/v2\/posts"}],"about":[{"href":"https:\/\/colimdo.org\/wp-api\/wp\/v2\/types\/post"}],"author":[{"embeddable":true,"href":"https:\/\/colimdo.org\/wp-api\/wp\/v2\/users\/16"}],"replies":[{"embeddable":true,"href":"https:\/\/colimdo.org\/wp-api\/wp\/v2\/comments?post=51033"}],"version-history":[{"count":1,"href":"https:\/\/colimdo.org\/wp-api\/wp\/v2\/posts\/51033\/revisions"}],"predecessor-version":[{"id":51035,"href":"https:\/\/colimdo.org\/wp-api\/wp\/v2\/posts\/51033\/revisions\/51035"}],"wp:featuredmedia":[{"embeddable":true,"href":"https:\/\/colimdo.org\/wp-api\/wp\/v2\/media\/51034"}],"wp:attachment":[{"href":"https:\/\/colimdo.org\/wp-api\/wp\/v2\/media?parent=51033"}],"wp:term":[{"taxonomy":"category","embeddable":true,"href":"https:\/\/colimdo.org\/wp-api\/wp\/v2\/categories?post=51033"},{"taxonomy":"post_tag","embeddable":true,"href":"https:\/\/colimdo.org\/wp-api\/wp\/v2\/tags?post=51033"}],"curies":[{"name":"wp","href":"https:\/\/api.w.org\/{rel}","templated":true}]}}