{"id":51042,"date":"2019-04-02T02:51:58","date_gmt":"2019-04-02T02:51:58","guid":{"rendered":"https:\/\/colimdo.org\/?p=51042"},"modified":"2019-04-02T02:51:58","modified_gmt":"2019-04-02T02:51:58","slug":"lebron-james-jugara-mundial-pone-mirada-tokio-2020","status":"publish","type":"post","link":"https:\/\/colimdo.org\/noticias\/lebron-james-jugara-mundial-pone-mirada-tokio-2020\/","title":{"rendered":"LeBron James jugar\u00e1 en Mundial; pone su mirada en Tokio 2020"},"content":{"rendered":"<p>ESPN. La estrella de\u00a0Los Angeles Lakers,\u00a0LeBron James, le dijo a The Athletic que no jugar\u00e1 para el equipo de Estados Unidos en la Copa Mundial de la FIBA de este verano en China, y que nunca tuvo la intenci\u00f3n de hacerlo.<\/p>\n<p>El equipo ser\u00e1 dirigido por Gregg Popovich, uno de los entrenadores favoritos de James. &#8220;Me encanta todo sobre Pop, obviamente, pero este no es un buen verano para m\u00ed&#8221;.<\/p>\n<p>En cambio, James entrenar\u00e1 y filmar\u00e1 &#8220;Space Jam 2&#8221;, que se estrenar\u00e1 en julio de 2021.<\/p>\n<p>Seg\u00fan The Athletic, el programa de producci\u00f3n de la pel\u00edcula se estableci\u00f3 con el conocimiento de que James no jugar\u00eda este verano.<\/p>\n<p>James se perder\u00e1 la postemporada de la NBA este a\u00f1o por primera vez desde 2005. Los Lakers se perdieron los playoffs de nuevo esta temporada y la propia temporada de James se cerr\u00f3 la semana pasada por una lesi\u00f3n en la ingle. No jugar\u00e1 otro partido hasta octubre.<\/p>\n<p>Pero James, dos veces medallista de oro ol\u00edmpico, no ha descartado jugar para el Team USA en los Juegos Ol\u00edmpicos de 2020 en Jap\u00f3n.<\/p>\n<p>&#8220;S\u00ed, eso es una posibilidad&#8221;, dijo James a The Athletic. &#8220;Depende de c\u00f3mo me sienta. Me encantan los Juegos Ol\u00edmpicos&#8221;.<\/p>\n","protected":false},"excerpt":{"rendered":"<p>James entrenar\u00e1 y filmar\u00e1 &#8220;Space Jam 2&#8221;, que se estrenar\u00e1 en julio de 2021.<\/p>\n","protected":false},"author":16,"featured_media":51043,"comment_status":"closed","ping_status":"closed","sticky":false,"template":"","format":"standard","meta":[],"categories":[2,60],"tags":[],"acf":[],"_links":{"self":[{"href":"https:\/\/colimdo.org\/wp-api\/wp\/v2\/posts\/51042"}],"collection":[{"href":"https:\/\/colimdo.org\/wp-api\/wp\/v2\/posts"}],"about":[{"href":"https:\/\/colimdo.org\/wp-api\/wp\/v2\/types\/post"}],"author":[{"embeddable":true,"href":"https:\/\/colimdo.org\/wp-api\/wp\/v2\/users\/16"}],"replies":[{"embeddable":true,"href":"https:\/\/colimdo.org\/wp-api\/wp\/v2\/comments?post=51042"}],"version-history":[{"count":1,"href":"https:\/\/colimdo.org\/wp-api\/wp\/v2\/posts\/51042\/revisions"}],"predecessor-version":[{"id":51044,"href":"https:\/\/colimdo.org\/wp-api\/wp\/v2\/posts\/51042\/revisions\/51044"}],"wp:featuredmedia":[{"embeddable":true,"href":"https:\/\/colimdo.org\/wp-api\/wp\/v2\/media\/51043"}],"wp:attachment":[{"href":"https:\/\/colimdo.org\/wp-api\/wp\/v2\/media?parent=51042"}],"wp:term":[{"taxonomy":"category","embeddable":true,"href":"https:\/\/colimdo.org\/wp-api\/wp\/v2\/categories?post=51042"},{"taxonomy":"post_tag","embeddable":true,"href":"https:\/\/colimdo.org\/wp-api\/wp\/v2\/tags?post=51042"}],"curies":[{"name":"wp","href":"https:\/\/api.w.org\/{rel}","templated":true}]}}