{"id":51061,"date":"2019-04-02T16:31:28","date_gmt":"2019-04-02T16:31:28","guid":{"rendered":"https:\/\/colimdo.org\/?p=51061"},"modified":"2019-04-02T16:32:42","modified_gmt":"2019-04-02T16:32:42","slug":"e-gomez-emil-alvarez-cuqui-langa-seran-inmortalizados-este-sabado-club-naco","status":"publish","type":"post","link":"https:\/\/colimdo.org\/noticias\/e-gomez-emil-alvarez-cuqui-langa-seran-inmortalizados-este-sabado-club-naco\/","title":{"rendered":"G\u00f3mez, Alvarez y Langa ser\u00e1n inmortalizados este s\u00e1bado en el Club Naco"},"content":{"rendered":"<p>Los deportistas\u00a0\u00a0Eduardo G\u00f3mez y Antonio \u2013Cuqui-\u00a0\u00a0Langa, en basket, Emil Alvarez Soto y Yira Pia, en Tenis de Mesa y en Tenis de Campo,\u00a0\u00a0Laura Fern\u00e1ndez Mera, mostraron ayer su felicidad al conocer la informaci\u00f3n de que ser\u00e1n llevados este s\u00e1bado a la Inmortalidad\u00a0\u00a0Naque\u00f1a.<\/p>\n<p>Indicaron por separados que, \u201cllegar a la Inmortalidad en tu club donde te formaste eso no tiene precio\u201d, afirmo Emil Alvarez Soto.<\/p>\n<p>Sostuvo que el Tenis de Mesa le proporcion\u00f3 mucho amigos, tanto en el pa\u00eds como en el exterior y valora en su justa dimensi\u00f3n el hecho de ser tomado en cuenta para estar en la Inmortalidad\u00a0\u00a0Naque\u00f1a.<\/p>\n<p>Desde el exterior tambi\u00e9n estar\u00e1 el Inmortal del deporte dominicano, Eduardo Gomez, quien form\u00f3 por varios a\u00f1os la Selecci\u00f3n Nacional de ese deporte y estuvo en el equipo que gan\u00f3 la primera medalla de oro en un Centrobasket en Panam\u00e1 en 1978.<\/p>\n<p>La Junta Directiva del Club Deportivo Naco da los toques finales a la organizaci\u00f3n de la actividad ha donde han invitado a las principales autoridades deportivas del pa\u00eds.<\/p>\n<p>El presidente del Club Naco, el doctor Luis Miguel Pou, expuso que desde hace varias semanas se est\u00e1 trabajando ese tema, con el objetivo de que sea una noche memorable, como las anteriores.<\/p>\n<p>Subrayo que el pr\u00f3ximo s\u00e1bado seis, el Club Deportivo Naco vivir\u00e1 momentos de grandes emociones cuando se instalen en su galer\u00eda a Eduardo G\u00f3mez,\u00a0\u00a0Antonio \u2013Cuqui-\u00a0\u00a0Langa, en basket, en Tenis de Mesa, Emil Alvarez y Yira Pia Almonte, mientras que en Tenis de Campo, ser\u00e1 inmortalizada Laura Fern\u00e1ndez Mera.<\/p>\n<p>Agreg\u00f3 el doctor Pou que cada 12 meses son reconocidos aquellas grandes figuras del deporte nacional, que son parte de la familia del Naco, donde son instaladas en la Plaza de los Inmortales del Deporte Naqueno.<\/p>\n","protected":false},"excerpt":{"rendered":"<p>Los deportistas\u00a0\u00a0Eduardo G\u00f3mez y Antonio \u2013Cuqui-\u00a0\u00a0Langa, en basket, Emil Alvarez Soto y Yira Pia, en Tenis de Mesa y en Tenis de Campo,\u00a0\u00a0Laura Fern\u00e1ndez Mera, mostraron ayer su felicidad al conocer la informaci\u00f3n de que ser\u00e1n llevados este s\u00e1bado a la Inmortalidad\u00a0\u00a0Naque\u00f1a. Indicaron por separados que, \u201cllegar a la Inmortalidad en tu club donde te [&hellip;]<\/p>\n","protected":false},"author":9,"featured_media":51062,"comment_status":"closed","ping_status":"closed","sticky":false,"template":"","format":"standard","meta":[],"categories":[2,60],"tags":[],"acf":[],"_links":{"self":[{"href":"https:\/\/colimdo.org\/wp-api\/wp\/v2\/posts\/51061"}],"collection":[{"href":"https:\/\/colimdo.org\/wp-api\/wp\/v2\/posts"}],"about":[{"href":"https:\/\/colimdo.org\/wp-api\/wp\/v2\/types\/post"}],"author":[{"embeddable":true,"href":"https:\/\/colimdo.org\/wp-api\/wp\/v2\/users\/9"}],"replies":[{"embeddable":true,"href":"https:\/\/colimdo.org\/wp-api\/wp\/v2\/comments?post=51061"}],"version-history":[{"count":2,"href":"https:\/\/colimdo.org\/wp-api\/wp\/v2\/posts\/51061\/revisions"}],"predecessor-version":[{"id":51064,"href":"https:\/\/colimdo.org\/wp-api\/wp\/v2\/posts\/51061\/revisions\/51064"}],"wp:featuredmedia":[{"embeddable":true,"href":"https:\/\/colimdo.org\/wp-api\/wp\/v2\/media\/51062"}],"wp:attachment":[{"href":"https:\/\/colimdo.org\/wp-api\/wp\/v2\/media?parent=51061"}],"wp:term":[{"taxonomy":"category","embeddable":true,"href":"https:\/\/colimdo.org\/wp-api\/wp\/v2\/categories?post=51061"},{"taxonomy":"post_tag","embeddable":true,"href":"https:\/\/colimdo.org\/wp-api\/wp\/v2\/tags?post=51061"}],"curies":[{"name":"wp","href":"https:\/\/api.w.org\/{rel}","templated":true}]}}