{"id":51084,"date":"2019-04-03T02:05:04","date_gmt":"2019-04-03T02:05:04","guid":{"rendered":"https:\/\/colimdo.org\/?p=51084"},"modified":"2019-04-03T02:05:04","modified_gmt":"2019-04-03T02:05:04","slug":"campeona-piraguismo-coma-desde-meses-da-luz-muere","status":"publish","type":"post","link":"https:\/\/colimdo.org\/noticias\/campeona-piraguismo-coma-desde-meses-da-luz-muere\/","title":{"rendered":"Campeona de pirag\u00fcismo en coma desde hace meses da a luz y muere"},"content":{"rendered":"<p><em>Huffington Post.\u00a0<\/em>Dar a luz a su beb\u00e9 ha sido el \u00faltimo gesto de amor de\u00a0Catarina Sequeira, campeona de pirag\u00fcismo cuya muerte cerebral fue declarada el pasado 26 de diciembre en Portogallo. La joven de 26 a\u00f1os logr\u00f3 seguir adelante con el embarazo y dar a luz a su propio hijo. Deportista de fama internacional, sufri\u00f3 un ataque de asma grave durante el embarazo, durante la 19\u00aa semana de gestaci\u00f3n y estaba en su casa. Los m\u00e9dicos han optado por inducirla a un coma farmacol\u00f3gico para intentar salvar la vida del beb\u00e9 que llevaba dentro. As\u00ed lo informa el\u00a0<em>Corriere della Sera<\/em>.<\/p>\n<p>El peque\u00f1o Salvatore, nacido hace unos d\u00edas en las semana 32, pesa 1,7 kilogramos. Durante las pr\u00f3ximas tres semanas permanecer\u00e1 en la unidad de neonatolog\u00eda del hospital portugu\u00e9s\u00a0de S\u00e3o Jo\u00e3o, en Porto.\u00a0No se pudo hacer nada por la madre: falleci\u00f3 horas despu\u00e9s del parto por ces\u00e1rea. Sus problemas respiratorios se hab\u00edan agravado en las horas anteriores, raz\u00f3n por la que los m\u00e9dicos hab\u00edan decidido intervenir de urgencia.<\/p>\n<p>Pirag\u00fcista con talento, Sequeira, quien padeci\u00f3 asma desde su infancia, represent\u00f3 a su pa\u00eds en varias competiciones internacionales. Permaneci\u00f3 conectada a un respirador artificial durante 56 d\u00edas para permitir que el feto creciera en su vientre. El jefe del comit\u00e9 \u00e9tico del hospital, Filipe Almeida, ha informado que\u00a0la decisi\u00f3n de mantener vivo al beb\u00e9 fue tomada de mutuo acuerdo con la familia, en especial con el padre del peque\u00f1o. Sequeira nunca firm\u00f3 un documento de consentimiento para la donaci\u00f3n de \u00f3rganos, por lo que el hospital coment\u00f3 esto:<\/p>\n<p><em>Ser donante no significa dar un h\u00edgado, un coraz\u00f3n o un pulm\u00f3n, sino poder entregarse una misma para que el propio hijo viva. Y nadie tiene derecho a interrumpir el proceso que ha decidido una madre.<\/em><\/p>\n","protected":false},"excerpt":{"rendered":"<p>Catarina Sequeira, quien padeci\u00f3 asma desde su infancia, represent\u00f3 a su pa\u00eds en varias competiciones internacionales. Permaneci\u00f3 conectada a un respirador artificial durante 56 d\u00edas para permitir que el feto creciera en su vientre.<\/p>\n","protected":false},"author":16,"featured_media":51085,"comment_status":"closed","ping_status":"closed","sticky":false,"template":"","format":"standard","meta":[],"categories":[2,60],"tags":[],"acf":[],"_links":{"self":[{"href":"https:\/\/colimdo.org\/wp-api\/wp\/v2\/posts\/51084"}],"collection":[{"href":"https:\/\/colimdo.org\/wp-api\/wp\/v2\/posts"}],"about":[{"href":"https:\/\/colimdo.org\/wp-api\/wp\/v2\/types\/post"}],"author":[{"embeddable":true,"href":"https:\/\/colimdo.org\/wp-api\/wp\/v2\/users\/16"}],"replies":[{"embeddable":true,"href":"https:\/\/colimdo.org\/wp-api\/wp\/v2\/comments?post=51084"}],"version-history":[{"count":1,"href":"https:\/\/colimdo.org\/wp-api\/wp\/v2\/posts\/51084\/revisions"}],"predecessor-version":[{"id":51086,"href":"https:\/\/colimdo.org\/wp-api\/wp\/v2\/posts\/51084\/revisions\/51086"}],"wp:featuredmedia":[{"embeddable":true,"href":"https:\/\/colimdo.org\/wp-api\/wp\/v2\/media\/51085"}],"wp:attachment":[{"href":"https:\/\/colimdo.org\/wp-api\/wp\/v2\/media?parent=51084"}],"wp:term":[{"taxonomy":"category","embeddable":true,"href":"https:\/\/colimdo.org\/wp-api\/wp\/v2\/categories?post=51084"},{"taxonomy":"post_tag","embeddable":true,"href":"https:\/\/colimdo.org\/wp-api\/wp\/v2\/tags?post=51084"}],"curies":[{"name":"wp","href":"https:\/\/api.w.org\/{rel}","templated":true}]}}