{"id":51090,"date":"2019-04-03T02:27:47","date_gmt":"2019-04-03T02:27:47","guid":{"rendered":"https:\/\/colimdo.org\/?p=51090"},"modified":"2019-04-03T02:27:47","modified_gmt":"2019-04-03T02:27:47","slug":"usain-bolt-le-gana-una-carrera-mototaxi","status":"publish","type":"post","link":"https:\/\/colimdo.org\/noticias\/usain-bolt-le-gana-una-carrera-mototaxi\/","title":{"rendered":"Usain Bolt le gana una carrera a un mototaxi"},"content":{"rendered":"<p class=\"canvas-atom canvas-text Mb(1.0em) Mb(0)--sm Mt(0.8em)--sm\">Lima, 2 abr (EFE).- El exatleta jamaiquino Usain Bolt, el hombre m\u00e1s r\u00e1pido del mundo al correr los 100 metros lisos en 9,58 segundos y los 200 metros en 19,19 segundos, no tuvo ni que esforzarse este martes en Lima para ganar una corta carrera a un mototaxi, uno de los veh\u00edculos m\u00e1s caracter\u00edsticos de las ciudades peruanas.<\/p>\n<p class=\"canvas-atom canvas-text Mb(1.0em) Mb(0)--sm Mt(0.8em)--sm\">A pesar de que la carrera solo era de 50 metros, Bolt demostr\u00f3 ser muy superior al veh\u00edculo motorizado, un triciclo cubierto con tres plazas para pasajeros detr\u00e1s del conductor que puede alcanzar una velocidad punta de 60 kil\u00f3metros por hora.<\/p>\n<p class=\"canvas-atom canvas-text Mb(1.0em) Mb(0)--sm Mt(0.8em)--sm\">El velocista dej\u00f3 atr\u00e1s al mototaxi desde el pistoletazo de salida y se dedic\u00f3 a trotar por el resto de la improvisada pista pintada sobre una calle del distrito lime\u00f1o de Miraflores que da al oc\u00e9ano Pac\u00edfico ante la ovaci\u00f3n del p\u00fablico peruano.<\/p>\n<p class=\"canvas-atom canvas-text Mb(1.0em) Mb(0)--sm Mt(0.8em)--sm\">Tras la celebraci\u00f3n de la victoria donde deleit\u00f3 a los espectadores con su ya inconfundible pose ganadora del rayo, el triple campe\u00f3n ol\u00edmpico de los 100 y los 200 metros lisos pilot\u00f3 el mototaxi de vuelta a la l\u00ednea de salida.<\/p>\n<p class=\"canvas-atom canvas-text Mb(1.0em) Mb(0)--sm Mt(0.8em)--sm\">El veh\u00edculo, conducido por un mototaxista del populoso distrito lime\u00f1o de San Juan de Lurigancho, estaba personalizado con motivos de llamarada y el nombre de Bolt en la parte frontal junto a dos ojos de felino que aluden a la marca deportiva que patrocina al jamaiquino.<\/p>\n<p class=\"canvas-atom canvas-text Mb(1.0em) Mb(0)--sm Mt(0.8em)--sm\">Bolt afirm\u00f3 entre sonrisas al p\u00fablico que la carrera fue demasiado f\u00e1cil y que el mototaxi deber\u00eda haber partido con diez minutos de antelaci\u00f3n para que el duelo tuviese algo de emoci\u00f3n.<\/p>\n<p class=\"canvas-atom canvas-text Mb(1.0em) Mb(0)--sm Mt(0.8em)--sm\">El jamaiquino se encuentra en Per\u00fa como parte de una gira comercial que realiza con su principal patrocinador y que este lunes ya lo llev\u00f3 a Santiago de Chile, donde su reuni\u00f3 con el presidente Sebasti\u00e1n Pi\u00f1era.<\/p>\n<p class=\"canvas-atom canvas-text Mb(1.0em) Mb(0)--sm Mt(0.8em)--sm\">Bolt tendr\u00e1 este mi\u00e9rcoles m\u00e1s compromisos comerciales en Lima, donde tambi\u00e9n inaugurar\u00e1 la pista de atletismo de los pr\u00f3ximos Juegos Panamericanos de Lima 2019, que se disputar\u00e1n entre el 24 de julio y el 11 de agosto.<\/p>\n<p class=\"canvas-atom canvas-text Mb(1.0em) Mb(0)--sm Mt(0.8em)--sm\">El hombre m\u00e1s r\u00e1pido del mundo ser\u00e1 el primer atleta en correr sobre el tart\u00e1n de los Panamericanos, ubicada en la Villa Deportiva Nacional (Videna), donde deben brillar en pocas semanas los pr\u00f3ximos atletas americanos que ir\u00e1n luego a los Juegos Ol\u00edmpicos.<\/p>\n","protected":false},"excerpt":{"rendered":"<p>A pesar de que la carrera solo era de 50 metros, Bolt demostr\u00f3 ser muy superior al veh\u00edculo motorizado, un triciclo cubierto con tres plazas para pasajeros detr\u00e1s del conductor que puede alcanzar una velocidad punta de 60 kil\u00f3metros por hora.<\/p>\n","protected":false},"author":16,"featured_media":51091,"comment_status":"closed","ping_status":"closed","sticky":false,"template":"","format":"standard","meta":[],"categories":[2,60],"tags":[],"acf":[],"_links":{"self":[{"href":"https:\/\/colimdo.org\/wp-api\/wp\/v2\/posts\/51090"}],"collection":[{"href":"https:\/\/colimdo.org\/wp-api\/wp\/v2\/posts"}],"about":[{"href":"https:\/\/colimdo.org\/wp-api\/wp\/v2\/types\/post"}],"author":[{"embeddable":true,"href":"https:\/\/colimdo.org\/wp-api\/wp\/v2\/users\/16"}],"replies":[{"embeddable":true,"href":"https:\/\/colimdo.org\/wp-api\/wp\/v2\/comments?post=51090"}],"version-history":[{"count":1,"href":"https:\/\/colimdo.org\/wp-api\/wp\/v2\/posts\/51090\/revisions"}],"predecessor-version":[{"id":51092,"href":"https:\/\/colimdo.org\/wp-api\/wp\/v2\/posts\/51090\/revisions\/51092"}],"wp:featuredmedia":[{"embeddable":true,"href":"https:\/\/colimdo.org\/wp-api\/wp\/v2\/media\/51091"}],"wp:attachment":[{"href":"https:\/\/colimdo.org\/wp-api\/wp\/v2\/media?parent=51090"}],"wp:term":[{"taxonomy":"category","embeddable":true,"href":"https:\/\/colimdo.org\/wp-api\/wp\/v2\/categories?post=51090"},{"taxonomy":"post_tag","embeddable":true,"href":"https:\/\/colimdo.org\/wp-api\/wp\/v2\/tags?post=51090"}],"curies":[{"name":"wp","href":"https:\/\/api.w.org\/{rel}","templated":true}]}}