{"id":51095,"date":"2019-04-03T02:39:56","date_gmt":"2019-04-03T02:39:56","guid":{"rendered":"https:\/\/colimdo.org\/?p=51095"},"modified":"2019-04-03T02:39:56","modified_gmt":"2019-04-03T02:39:56","slug":"miguel-andujar-esta-optimista-no-necesitara-cirugia-hombro","status":"publish","type":"post","link":"https:\/\/colimdo.org\/noticias\/miguel-andujar-esta-optimista-no-necesitara-cirugia-hombro\/","title":{"rendered":"Miguel And\u00fajar est\u00e1 optimista de que no necesitar\u00e1 cirug\u00eda en el hombro"},"content":{"rendered":"<p>NUEVA YORK &#8212; El antesalista dominicano de los Yankees, Miguel And\u00fajar, no est\u00e1 preparado para los peores de los casos que vienen con el desgarre en un tend\u00f3n del hombro derecho. Por eso el quisqueyano conf\u00eda en que algunas semanas de terapia f\u00edsica le permitir\u00e1n continuar su segunda campa\u00f1a en las Grandes Ligas.<\/p>\n<p>\u201cEs dif\u00edcil. Pero a la vez, me mantengo optimista porque tengo bastante fuerza en el hombro\u201d, declar\u00f3 And\u00fajar durante una rueda de prensa en el Yankee Stadium el martes. \u201cCuando me examinaron el hombro, sal\u00ed con buenos resultados. Hay fuerza, entonces existe la posibilidad de hacer algo de trabajo para superar esto y volver al terreno\u201d.<\/p>\n<p>And\u00fajar se lastim\u00f3 el hombro al zambullirse hacia la tercera base durante el partido del domingo entre los Bombarderos y los Orioles. Pudo continuar en el encuentro y hasta realiz\u00f3 todos los tiros necesarios hacia la inicial, pero se someti\u00f3 a un examen de resonancia magn\u00e9tica el lunes tras recibir tratamiento en el hombro.<\/p>\n<p>\u201cSent\u00ed una molestia cuando ca\u00ed, pero nada que me hiciera pensar que fuera serio, ni que me obligar\u00eda a perder tiempo\u201d.<\/p>\n<p>El dirigente del conjunto de Bronx, Aaron Boone, dijo que And\u00fajar no tendr\u00e1 actividades de b\u00e9isbol por dos semanas y despu\u00e9s ser\u00e1 evaluado. Durante la ausencia de And\u00fajar, DJ LeMahieu ver\u00e1 la mayor\u00eda del tiempo en la tercera base, aunque Tyler Wade tambi\u00e9n jugar\u00e1 en dicha posici\u00f3n.<\/p>\n<p>\u201cEstamos en las primeras etapas\u201d, se\u00f1al\u00f3 Boone. \u201cPienso que se resolver\u00e1 en los pr\u00f3ximos d\u00edas. Luego cuando And\u00fajar aumente su volumen de trabajo, creo que se aclarar\u00e1n las cosas\u201d.<\/p>\n","protected":false},"excerpt":{"rendered":"<p>And\u00fajar se lastim\u00f3 el hombro al zambullirse hacia la tercera base durante el partido del domingo entre los Bombarderos y los Orioles. Pudo continuar en el encuentro y hasta realiz\u00f3 todos los tiros necesarios hacia la inicial, pero se someti\u00f3 a un examen de resonancia magn\u00e9tica el lunes tras recibir tratamiento en el hombro.<\/p>\n","protected":false},"author":16,"featured_media":51096,"comment_status":"closed","ping_status":"closed","sticky":false,"template":"","format":"standard","meta":[],"categories":[2,60],"tags":[],"acf":[],"_links":{"self":[{"href":"https:\/\/colimdo.org\/wp-api\/wp\/v2\/posts\/51095"}],"collection":[{"href":"https:\/\/colimdo.org\/wp-api\/wp\/v2\/posts"}],"about":[{"href":"https:\/\/colimdo.org\/wp-api\/wp\/v2\/types\/post"}],"author":[{"embeddable":true,"href":"https:\/\/colimdo.org\/wp-api\/wp\/v2\/users\/16"}],"replies":[{"embeddable":true,"href":"https:\/\/colimdo.org\/wp-api\/wp\/v2\/comments?post=51095"}],"version-history":[{"count":1,"href":"https:\/\/colimdo.org\/wp-api\/wp\/v2\/posts\/51095\/revisions"}],"predecessor-version":[{"id":51097,"href":"https:\/\/colimdo.org\/wp-api\/wp\/v2\/posts\/51095\/revisions\/51097"}],"wp:featuredmedia":[{"embeddable":true,"href":"https:\/\/colimdo.org\/wp-api\/wp\/v2\/media\/51096"}],"wp:attachment":[{"href":"https:\/\/colimdo.org\/wp-api\/wp\/v2\/media?parent=51095"}],"wp:term":[{"taxonomy":"category","embeddable":true,"href":"https:\/\/colimdo.org\/wp-api\/wp\/v2\/categories?post=51095"},{"taxonomy":"post_tag","embeddable":true,"href":"https:\/\/colimdo.org\/wp-api\/wp\/v2\/tags?post=51095"}],"curies":[{"name":"wp","href":"https:\/\/api.w.org\/{rel}","templated":true}]}}