{"id":51111,"date":"2019-04-03T16:21:12","date_gmt":"2019-04-03T16:21:12","guid":{"rendered":"https:\/\/colimdo.org\/?p=51111"},"modified":"2019-04-03T16:21:12","modified_gmt":"2019-04-03T16:21:12","slug":"coi-visita-cortina-las-instalaciones-esqui-salto-patinaje-luge","status":"publish","type":"post","link":"https:\/\/colimdo.org\/noticias\/coi-visita-cortina-las-instalaciones-esqui-salto-patinaje-luge\/","title":{"rendered":"COI visita en Cortina las instalaciones para esqu\u00ed, salto, patinaje o luge"},"content":{"rendered":"<p>Tras la rueda de prensa de apertura del lunes, en la que el CONI present\u00f3 el eslogan de la candidatura Mil\u00e1n-Cortina, Dreaming Together (So\u00f1ando Juntos), la Comisi\u00f3n del COI abri\u00f3 sus inspecciones en Cortina en la ma\u00f1ana italiana.<\/p>\n<p>La Comisi\u00f3n del COI, presidida por el rumano Octavian Morariu, visit\u00f3 la \u201cpista de las Tofane\u201d, que ser\u00eda sede de las pruebas de esqu\u00ed alpino en categor\u00eda femenina, y a continuaci\u00f3n vision\u00f3 las instalaciones que albergar\u00edan el Curling, el Luge, el Bobsleigh y el Skeleton.<\/p>\n<p>Junto a Morariu estuvieron la noruega Kristin Kloster Aasen, la china Hong Zhang, el checo Roman Kumpost, la alemana Heike Groesswang, la americana Marianna Davis, el surcoreano Lee Hee-Beom y el argentino Jos\u00e9 Luis Marco.<\/p>\n<p>El presidente del Coni, Malag\u00f3, llev\u00f3 adem\u00e1s a la Comisi\u00f3n a la localidad de Anterselva (Bolzano, Trentino Alto-Adige) para ense\u00f1arle las estructuras del Biathlon y expres\u00f3 su optimismo sobre las opciones de la candidatura italiana.<\/p>\n<p>\u201cLos sitios han sido presentados perfectamente. Algunos ya est\u00e1n listos, otros ya permiten entender c\u00f3mo ser\u00e1n tras las remodelaciones. Estoy optimista desde el primer d\u00eda, pero tengo los pies en el suelo. Esta es una carrera por etapas, y la l\u00ednea de meta es el 24 de junio\u201d, afirm\u00f3, en declaraciones facilitadas por el CONI.<\/p>\n<p>La tarde italiana estuvo dedicada a las visitas a las localidades de Baselga di Pin\u00e9, Tesero y Predazzo, para tomar contacto con las zonas que albergar\u00e1n los estadios para el patinaje de velocidad, el esqu\u00ed de fondo y el salto con esqu\u00ed.<\/p>\n<p>Los representantes de la Comisi\u00f3n del COI fueron recibidos por el dos veces oro ol\u00edmpico de patinaje de velocidad Enrico Fabris o Arianna Fontana, ganadora de la medalla de oro en los Juegos Ol\u00edmpicos de PyeongChang en patinaje de velocidad en pista corta, en categor\u00eda femenina.<\/p>\n<p>La Comisi\u00f3n del COI visitar\u00e1 este mi\u00e9rcoles las instalaciones de Livigno, mientras que los d\u00edas 4 y 5 acudir\u00e1n a Mil\u00e1n, donde el CONI organiz\u00f3 con particular atenci\u00f3n una revisi\u00f3n del estadio San Siro, que ser\u00eda sede de la ceremonia de apertura.<\/p>\n<p>Las evaluaciones de la Comisi\u00f3n del COI se conocer\u00e1n el s\u00e1bado 6 de abril, en una rueda de prensa ofrecida en el Palazzo Marino de la capital lombarda.<\/p>\n<p>La decisi\u00f3n final se comunicar\u00e1 el pr\u00f3ximo 24 de junio en Lausana (Suiza).<\/p>\n","protected":false},"excerpt":{"rendered":"<p>Tras la rueda de prensa de apertura del lunes, en la que el CONI present\u00f3 el eslogan de la candidatura Mil\u00e1n-Cortina, Dreaming Together (So\u00f1ando Juntos), la Comisi\u00f3n del COI abri\u00f3 sus inspecciones en Cortina en la ma\u00f1ana italiana. La Comisi\u00f3n del COI, presidida por el rumano Octavian Morariu, visit\u00f3 la \u201cpista de las Tofane\u201d, que [&hellip;]<\/p>\n","protected":false},"author":9,"featured_media":51112,"comment_status":"closed","ping_status":"closed","sticky":false,"template":"","format":"standard","meta":[],"categories":[2,60],"tags":[],"acf":[],"_links":{"self":[{"href":"https:\/\/colimdo.org\/wp-api\/wp\/v2\/posts\/51111"}],"collection":[{"href":"https:\/\/colimdo.org\/wp-api\/wp\/v2\/posts"}],"about":[{"href":"https:\/\/colimdo.org\/wp-api\/wp\/v2\/types\/post"}],"author":[{"embeddable":true,"href":"https:\/\/colimdo.org\/wp-api\/wp\/v2\/users\/9"}],"replies":[{"embeddable":true,"href":"https:\/\/colimdo.org\/wp-api\/wp\/v2\/comments?post=51111"}],"version-history":[{"count":1,"href":"https:\/\/colimdo.org\/wp-api\/wp\/v2\/posts\/51111\/revisions"}],"predecessor-version":[{"id":51113,"href":"https:\/\/colimdo.org\/wp-api\/wp\/v2\/posts\/51111\/revisions\/51113"}],"wp:featuredmedia":[{"embeddable":true,"href":"https:\/\/colimdo.org\/wp-api\/wp\/v2\/media\/51112"}],"wp:attachment":[{"href":"https:\/\/colimdo.org\/wp-api\/wp\/v2\/media?parent=51111"}],"wp:term":[{"taxonomy":"category","embeddable":true,"href":"https:\/\/colimdo.org\/wp-api\/wp\/v2\/categories?post=51111"},{"taxonomy":"post_tag","embeddable":true,"href":"https:\/\/colimdo.org\/wp-api\/wp\/v2\/tags?post=51111"}],"curies":[{"name":"wp","href":"https:\/\/api.w.org\/{rel}","templated":true}]}}