{"id":51114,"date":"2019-04-03T16:46:46","date_gmt":"2019-04-03T16:46:46","guid":{"rendered":"https:\/\/colimdo.org\/?p=51114"},"modified":"2019-04-03T16:47:02","modified_gmt":"2019-04-03T16:47:02","slug":"premio-anual-panchon-tejada-distinguira-personalidades-atletas","status":"publish","type":"post","link":"https:\/\/colimdo.org\/noticias\/premio-anual-panchon-tejada-distinguira-personalidades-atletas\/","title":{"rendered":"Premio Anual &#8220;Panch\u00f3n Tejada&#8221; distinguir\u00e1 personalidades y atletas"},"content":{"rendered":"<p><strong>SANTIAGO.<\/strong> La Uni\u00f3n Deportiva de Santiago (UDESA), anunci\u00f3 que en el marco de la gala anual del XI Premio Panch\u00f3n Tejada, infantil y juvenil,\u00a0reconocer\u00e1 a tres distinguidas personalidades del deporte local, siendo las mismas, Carmen V\u00e9lez, Ruperto Ruck y Ren\u00e9 Rosario, as\u00ed como la delegaci\u00f3n de Santiago que particip\u00f3\u00a0en los XXIII Juegos Deportivos Centroamericanos y del Caribe\u00a0celebrados en Barranquilla, Colombia el pasado a\u00f1o 2018.<\/p>\n<p>El se\u00f1or Severiano Rosa, al hacer el anuncio, dijo que la gran gala ser\u00e1\u00a0realizada el martes 30 de abril, en el Auditorio Don Manuel Arsenio Ure\u00f1a de la Universidad Tecnol\u00f3gica de Santiago (UTESA).<\/p>\n<p>Asimismo, destac\u00f3 que la\u00a0entrega y apoyo al seleccionado nacional de nuestros atletas y el ejemplo que significa para los infantiles y juveniles de Santiago: &#8220;Ellos lograron una excelente actuaci\u00f3n, aportando para el pa\u00eds tres medallas de oro, una de plata y cinco de bronce\u201d.<\/p>\n<p>Agreg\u00f3 que, de igual manera, tuvieron una sobresaliente participaci\u00f3n los \u00e1rbitros y jueces locales, quienes fueron asignados a importantes y decisivas competiciones y los oficiales que acompa\u00f1aron la delegaci\u00f3n nacional.<\/p>\n<p>Sobre Carmen V\u00e9lez, \u00e9sta es una destacada y bien valorada juez-\u00e1rbitro internacional de boxeo ol\u00edmpico, quien ha tenido una gran trayectoria dirigencial y t\u00e9cnica de m\u00e1s de veinte a\u00f1os, siempre poniendo en alto la mujer de Santiago y el pa\u00eds, ella es colaboradora integrada a las actividades de la UDESA.<\/p>\n<p>En lo que se refiere a Ren\u00e9 Rosario, adem\u00e1s de la labor ordinaria que ha realizado durante d\u00e9cadas desde el Ministerio de Deportes y Recreaci\u00f3n (MIDEREC), ha sido un militante colaborador del movimiento deportivo de Santiago y la UDESA, es un calificado t\u00e9cnico con vasta experiencia en juegos multidisciplinarios, teniendo una decidida participaci\u00f3n en los\u00a0reci\u00e9n\u00a0culminados Juegos Deportivos Nacionales realizados en la provincia Hermanas Mirabal.<\/p>\n<p>Mientras que el cronista deportivo, Ruperto Ruck, destacado productor de radio, televisi\u00f3n y medios digitales a\u00a0trav\u00e9s\u00a0de su empresa Megadeportes, es un gran aliado de los deportes aficionados y ol\u00edmpicos, logrando con objetividad e imparcialidad gran aceptaci\u00f3n y crecimiento en el p\u00fablico y aficionados.<\/p>\n<p>Por otra parte, el se\u00f1or Rosa, dio a conocer que las asociaciones afiliadas a la UDESA, han estado enviando sus escogencias para que la comisi\u00f3n evaluadora seleccione los atletas a ser premiados como los mejores del 2018, tanto en infantil como en juvenil, masculinos y femeninos.<\/p>\n","protected":false},"excerpt":{"rendered":"<p>En su versi\u00f3n XI, la entidad tambi\u00e9n har\u00e1 un reconocimiento a la delegaci\u00f3n de Santiago que particip\u00f3 en los Centroamericanos de Barranquilla.<\/p>\n","protected":false},"author":13,"featured_media":51115,"comment_status":"closed","ping_status":"closed","sticky":false,"template":"","format":"standard","meta":[],"categories":[2],"tags":[],"acf":[],"_links":{"self":[{"href":"https:\/\/colimdo.org\/wp-api\/wp\/v2\/posts\/51114"}],"collection":[{"href":"https:\/\/colimdo.org\/wp-api\/wp\/v2\/posts"}],"about":[{"href":"https:\/\/colimdo.org\/wp-api\/wp\/v2\/types\/post"}],"author":[{"embeddable":true,"href":"https:\/\/colimdo.org\/wp-api\/wp\/v2\/users\/13"}],"replies":[{"embeddable":true,"href":"https:\/\/colimdo.org\/wp-api\/wp\/v2\/comments?post=51114"}],"version-history":[{"count":1,"href":"https:\/\/colimdo.org\/wp-api\/wp\/v2\/posts\/51114\/revisions"}],"predecessor-version":[{"id":51116,"href":"https:\/\/colimdo.org\/wp-api\/wp\/v2\/posts\/51114\/revisions\/51116"}],"wp:featuredmedia":[{"embeddable":true,"href":"https:\/\/colimdo.org\/wp-api\/wp\/v2\/media\/51115"}],"wp:attachment":[{"href":"https:\/\/colimdo.org\/wp-api\/wp\/v2\/media?parent=51114"}],"wp:term":[{"taxonomy":"category","embeddable":true,"href":"https:\/\/colimdo.org\/wp-api\/wp\/v2\/categories?post=51114"},{"taxonomy":"post_tag","embeddable":true,"href":"https:\/\/colimdo.org\/wp-api\/wp\/v2\/tags?post=51114"}],"curies":[{"name":"wp","href":"https:\/\/api.w.org\/{rel}","templated":true}]}}