{"id":51132,"date":"2019-04-04T02:11:12","date_gmt":"2019-04-04T02:11:12","guid":{"rendered":"https:\/\/colimdo.org\/?p=51132"},"modified":"2019-04-04T02:11:12","modified_gmt":"2019-04-04T02:11:12","slug":"anuncian-edicion-numero-12-torneo-nacional-skif-dominicana","status":"publish","type":"post","link":"https:\/\/colimdo.org\/noticias\/anuncian-edicion-numero-12-torneo-nacional-skif-dominicana\/","title":{"rendered":"\u00a0Anuncian edici\u00f3n n\u00famero 12 de Torneo Nacional Skif Dominicana"},"content":{"rendered":"<p>SANTO DOMINGO. Fue anunciado este mi\u00e9rcoles el &#8220;D\u00e9cimo Segundo Torneo Nacional de Skif Dominicana&#8221;, con la participaci\u00f3n de m\u00e1s de 24 provincias del pa\u00eds y cuatro pa\u00edses invitados de Am\u00e9rica y la Regi\u00f3n, evento que se celebrar\u00e1 el pr\u00f3ximo domingo siete de abril en el Pabell\u00f3n de Karate, dedicado al Alcalde del Distrito Nacional, David Collado.<\/p>\n<p>Los detalles fueron ofrecidos ayer por el presidente de Skif Dominicana, doctor Eduardo Mejia, 6to Dan, y Jos\u00e9 Luis Ram\u00edrez, en su condici\u00f3n de Director Ejecutivo.<\/p>\n<p>El doctor Mej\u00eda afirm\u00f3 que m\u00e1s de 600 atletas de todo el pa\u00eds estar\u00e1n compitiendo durante todo el domingo. Los ganadores de los primeros lugares recibir\u00e1n su medalla de premiaci\u00f3n.<\/p>\n<p>Indic\u00f3 que vendr\u00e1n atletas invitados de Estados Unidos, Venezuela, Puerto Rico y Hait\u00ed.<\/p>\n<p>&#8220;Queremos invitar al pueblo dominicano a que se de cita este fin de semana a todas las actividades de Karate que tendremos en el Pabell\u00f3n, asimismo, valoramos el apoyo que siempre nos brinda la prensa deportiva nacional&#8221;, subray\u00f3.<\/p>\n<p>En la actividad estaban presentes los directores nacionales de Skif Dominicana, Ram\u00f3n Presinal, Severiano Rosa y F\u00e9lix Campusano. Igualmente, Jos\u00e9 Ubr\u00ed, director t\u00e9cnico y\u00a0\u00a0Rafael Medina, miembro.<\/p>\n<p>De su lado, el Director Ejecutivo de Skif Dominicana, Jos\u00e9 Luis Ram\u00edrez, proclam\u00f3 que ma\u00f1ana viernes y el s\u00e1bado se estar\u00e1n celebrando una serie de Seminarios de actuaci\u00f3n del Karate, en la figura del gran t\u00e9cnico, de Venezuela, Alejandro Castro.<\/p>\n<p>&#8220;M\u00e1s de 30 atletas estar\u00e1n buscando su ascenso a cintur\u00f3n negro y a otras categor\u00edas&#8221;, dijo Ram\u00edrez, quien es tambi\u00e9n presidente de la Federaci\u00f3n Dominicana de Karate.<\/p>\n<p>&#8220;La familia del Skif Dominicana tendr\u00e1 una gran fiesta deportiva este fin de semana, de viernes a domingo en el Pabell\u00f3n de Karate del Centro Ol\u00edmpico&#8221;, coment\u00f3.<\/p>\n<p>Adujo Ram\u00edrez que el doctor Eduardo Mej\u00eda desde el 2005 viene presidiendo el Skif Dominicana y la gran mayor\u00eda de los atletas de la Selecciones Nacionales han salido de las filas de esa prestigiosa instituci\u00f3n.<\/p>\n","protected":false},"excerpt":{"rendered":"<p>En el evento participar\u00e1n 600 atletas de 24 provincias del pa\u00eds y representantes de cuatro pa\u00edses de Am\u00e9rica<\/p>\n","protected":false},"author":16,"featured_media":51133,"comment_status":"closed","ping_status":"closed","sticky":false,"template":"","format":"standard","meta":[],"categories":[2,60],"tags":[],"acf":[],"_links":{"self":[{"href":"https:\/\/colimdo.org\/wp-api\/wp\/v2\/posts\/51132"}],"collection":[{"href":"https:\/\/colimdo.org\/wp-api\/wp\/v2\/posts"}],"about":[{"href":"https:\/\/colimdo.org\/wp-api\/wp\/v2\/types\/post"}],"author":[{"embeddable":true,"href":"https:\/\/colimdo.org\/wp-api\/wp\/v2\/users\/16"}],"replies":[{"embeddable":true,"href":"https:\/\/colimdo.org\/wp-api\/wp\/v2\/comments?post=51132"}],"version-history":[{"count":1,"href":"https:\/\/colimdo.org\/wp-api\/wp\/v2\/posts\/51132\/revisions"}],"predecessor-version":[{"id":51134,"href":"https:\/\/colimdo.org\/wp-api\/wp\/v2\/posts\/51132\/revisions\/51134"}],"wp:featuredmedia":[{"embeddable":true,"href":"https:\/\/colimdo.org\/wp-api\/wp\/v2\/media\/51133"}],"wp:attachment":[{"href":"https:\/\/colimdo.org\/wp-api\/wp\/v2\/media?parent=51132"}],"wp:term":[{"taxonomy":"category","embeddable":true,"href":"https:\/\/colimdo.org\/wp-api\/wp\/v2\/categories?post=51132"},{"taxonomy":"post_tag","embeddable":true,"href":"https:\/\/colimdo.org\/wp-api\/wp\/v2\/tags?post=51132"}],"curies":[{"name":"wp","href":"https:\/\/api.w.org\/{rel}","templated":true}]}}