{"id":51135,"date":"2019-04-04T02:24:23","date_gmt":"2019-04-04T02:24:23","guid":{"rendered":"https:\/\/colimdo.org\/?p=51135"},"modified":"2019-04-04T02:28:15","modified_gmt":"2019-04-04T02:28:15","slug":"retienen-argentina-bicampeona-olimpica-colombiana","status":"publish","type":"post","link":"https:\/\/colimdo.org\/noticias\/retienen-argentina-bicampeona-olimpica-colombiana\/","title":{"rendered":"Retienen en Argentina a bicampeona ol\u00edmpica colombiana de ciclismo"},"content":{"rendered":"<p class=\"canvas-atom canvas-text Mb(1.0em) Mb(0)--sm Mt(0.8em)--sm\">Buenos Aires, 3 abr (EFE).- La ciclista colombiana de BMX Mariana Paj\u00f3n, bicampeona ol\u00edmpica y m\u00faltiple campeona mundial, fue &#8220;retenida&#8221; junto a sus compa\u00f1eros en un aeropuerto de Argentina, donde viaj\u00f3 para competir, acusada de pretender vender sus bicicletas, seg\u00fan revel\u00f3 Paj\u00f3n a trav\u00e9s de su cuenta de Instagram.<\/p>\n<p class=\"canvas-atom canvas-text Mb(1.0em) Mb(0)--sm Mt(0.8em)--sm\">&#8220;No nos dejan sacar la maleta porque creen que las vamos a vender ac\u00e1 en Argentina, estamos retenidos, literal. Por eso, mientras tanto, hacemos recuperaci\u00f3n&#8221;, dijo Paj\u00f3n desde el aeropuerto de la provincia de Mendoza<\/p>\n<p class=\"canvas-atom canvas-text Mb(1.0em) Mb(0)--sm Mt(0.8em)--sm\">Su hermano, Miguel Paj\u00f3n, explic\u00f3 a Efe que &#8220;les dijeron que no pod\u00edan ingresar las bicicletas porque hab\u00eda riesgo de que las vendieran&#8221;.<\/p>\n<p class=\"canvas-atom canvas-text Mb(1.0em) Mb(0)--sm Mt(0.8em)--sm\">&#8220;Al principio los funcionarios muy groseros&#8221;, precis\u00f3.<\/p>\n<p class=\"canvas-atom canvas-text Mb(1.0em) Mb(0)--sm Mt(0.8em)--sm\">Tanto Mariana Paj\u00f3n como sus compatriotas se pusieron a hacer ejercicios en el aeropuerto para &#8220;aprovechar el tiempo&#8221;.<\/p>\n<p class=\"canvas-atom canvas-text Mb(1.0em) Mb(0)--sm Mt(0.8em)--sm\">&#8220;Cuando entramos se demoraron un rato porque ten\u00edan que ver nuestro pasado judicial porque \u00e9ramos colombianos. Nos tienen ac\u00e1 porque dicen que vamos a vender las maletas. S\u00faper triste de que esto siga pasando, nosotros somos colombianos, viajamos por el mundo para ser nuestros mejores representantes y embajadores, esto tiene que cambiar, esto est\u00e1 cambiando&#8221;, dijo la ciclista de 27 a\u00f1os, que se mostr\u00f3 de buen humor en su cuenta de Instagram.<\/p>\n<p class=\"canvas-atom canvas-text Mb(1.0em) Mb(0)--sm Mt(0.8em)--sm\">&#8220;Aqu\u00ed nos vamos a quedar y les vamos a demostrar lo buenos colombianos que somos, que venimos simplemente a hacer deporte, a construir pa\u00eds, a representar a nuestra tierra. Solo necesitamos que nos conozcan bien. Ya sacamos camilla por si nos toca quedarnos a dormir ac\u00e1&#8221;, a\u00f1adi\u00f3 la ganadora del oro en los Juegos Ol\u00edmpicos de Londres 2012 y en los de R\u00edo de Janeiro 2016.<\/p>\n<p class=\"canvas-atom canvas-text Mb(1.0em) Mb(0)--sm Mt(0.8em)--sm\">Paj\u00f3n y sus compatriotas arribaron al pa\u00eds para competir este s\u00e1bado y domingo en la Copa Internacional de BMX de la provincia de San Juan, que otorga puntos clasificatorios para los Juegos Ol\u00edmpicos de Tokio 2020.<\/p>\n<p class=\"canvas-atom canvas-text Mb(1.0em) Mb(0)--sm Mt(0.8em)--sm\">Fuentes del aeropuerto le confirmaron a Efe que todos los colombianos fueron autorizados a retirarse unas horas m\u00e1s tarde.<\/p>\n","protected":false},"excerpt":{"rendered":"<p>El hermano de la medallista colombiana Mariana Paj\u00f3n, Miguel Paj\u00f3n, explic\u00f3 a Efe que &#8220;les dijeron que no pod\u00edan ingresar las bicicletas porque hab\u00eda riesgo de que las vendieran&#8221;.<\/p>\n","protected":false},"author":16,"featured_media":51136,"comment_status":"closed","ping_status":"closed","sticky":false,"template":"","format":"standard","meta":[],"categories":[2,60],"tags":[],"acf":[],"_links":{"self":[{"href":"https:\/\/colimdo.org\/wp-api\/wp\/v2\/posts\/51135"}],"collection":[{"href":"https:\/\/colimdo.org\/wp-api\/wp\/v2\/posts"}],"about":[{"href":"https:\/\/colimdo.org\/wp-api\/wp\/v2\/types\/post"}],"author":[{"embeddable":true,"href":"https:\/\/colimdo.org\/wp-api\/wp\/v2\/users\/16"}],"replies":[{"embeddable":true,"href":"https:\/\/colimdo.org\/wp-api\/wp\/v2\/comments?post=51135"}],"version-history":[{"count":3,"href":"https:\/\/colimdo.org\/wp-api\/wp\/v2\/posts\/51135\/revisions"}],"predecessor-version":[{"id":51139,"href":"https:\/\/colimdo.org\/wp-api\/wp\/v2\/posts\/51135\/revisions\/51139"}],"wp:featuredmedia":[{"embeddable":true,"href":"https:\/\/colimdo.org\/wp-api\/wp\/v2\/media\/51136"}],"wp:attachment":[{"href":"https:\/\/colimdo.org\/wp-api\/wp\/v2\/media?parent=51135"}],"wp:term":[{"taxonomy":"category","embeddable":true,"href":"https:\/\/colimdo.org\/wp-api\/wp\/v2\/categories?post=51135"},{"taxonomy":"post_tag","embeddable":true,"href":"https:\/\/colimdo.org\/wp-api\/wp\/v2\/tags?post=51135"}],"curies":[{"name":"wp","href":"https:\/\/api.w.org\/{rel}","templated":true}]}}