{"id":51164,"date":"2019-04-04T18:57:34","date_gmt":"2019-04-04T18:57:34","guid":{"rendered":"https:\/\/colimdo.org\/?p=51164"},"modified":"2019-04-04T18:57:34","modified_gmt":"2019-04-04T18:57:34","slug":"coi-considera-positiva-candidatura-italiana-2026","status":"publish","type":"post","link":"https:\/\/colimdo.org\/noticias\/coi-considera-positiva-candidatura-italiana-2026\/","title":{"rendered":"COI considera \u201cmuy positiva\u201d candidatura italiana para 2026"},"content":{"rendered":"<div id=\"notap1a-01\" class=\"col-md-7 pb-3 box-detail-content main-content-text js--column-left portlet-column\">\n<div class=\"content-box\">\n<div id=\"\" class=\"portlet-boundary portlet-static-end content-viewer-portlet last full-access norestricted\">\n<div class=\"text\">\n<div class=\"paragraph\">\n<p>La candidatura de Mil\u00e1n-Cortina D\u2019Ampezzo para albergar los Juegos Ol\u00edmpicos de Invierno de 2026 es \u201cmuy, muy positiva\u201d, estim\u00f3 este jueves Octavian Morariu, jefe de la Comisi\u00f3n de Evaluaci\u00f3n, durante una visita de sus miembros al estadio de San Siro, donde se organizar\u00eda la ceremonia de inauguraci\u00f3n.<\/p>\n<p>La capital financiera de Italia y la ciudad de Cortina d\u2019Ampezzo, en los Dolomitas, tienen un proyecto com\u00fan para ser sede de esos Juegos, que ser\u00edan los cuartos en suelo italiano.<\/p>\n<p>\u201cMi primera impresi\u00f3n es que estamos con gente muy buena, que est\u00e1 apasionada por lo que hace\u201d, afirm\u00f3 Morariu, exrugbier internacional rumano, a los periodistas en San Siro.<\/p>\n<p>\u201cTienen una muy buena experiencia y la costumbre de organizar competiciones. Todos estos lugares tienen una identidad muy fuerte y es muy, muy positivo para la candidatura\u201d para los Juegos de 2026, a\u00f1adi\u00f3.<\/p>\n<p>Los inspectores del Comit\u00e9 Ol\u00edmpico Internacional (COI) cerrar\u00e1n el s\u00e1bado su visita de cinco d\u00edas a Mil\u00e1n, despu\u00e9s de haber visitado ya Estocolmo, la otra aspirante a ser sede de los Juegos de 2026.<\/p>\n<\/div>\n<\/div>\n<\/div>\n<\/div>\n<\/div>\n<div class=\"col-md-4 box-detail-content js--column-right\">\u00a0AFP<\/div>\n","protected":false},"excerpt":{"rendered":"<p>La candidatura de Mil\u00e1n-Cortina D\u2019Ampezzo para albergar los Juegos Ol\u00edmpicos de Invierno de 2026 es \u201cmuy, muy positiva\u201d, estim\u00f3 este jueves Octavian Morariu, jefe de la Comisi\u00f3n de Evaluaci\u00f3n, durante una visita de sus miembros al estadio de San Siro, donde se organizar\u00eda la ceremonia de inauguraci\u00f3n. La capital financiera de Italia y la ciudad [&hellip;]<\/p>\n","protected":false},"author":9,"featured_media":51165,"comment_status":"closed","ping_status":"closed","sticky":false,"template":"","format":"standard","meta":[],"categories":[2,60],"tags":[],"acf":[],"_links":{"self":[{"href":"https:\/\/colimdo.org\/wp-api\/wp\/v2\/posts\/51164"}],"collection":[{"href":"https:\/\/colimdo.org\/wp-api\/wp\/v2\/posts"}],"about":[{"href":"https:\/\/colimdo.org\/wp-api\/wp\/v2\/types\/post"}],"author":[{"embeddable":true,"href":"https:\/\/colimdo.org\/wp-api\/wp\/v2\/users\/9"}],"replies":[{"embeddable":true,"href":"https:\/\/colimdo.org\/wp-api\/wp\/v2\/comments?post=51164"}],"version-history":[{"count":1,"href":"https:\/\/colimdo.org\/wp-api\/wp\/v2\/posts\/51164\/revisions"}],"predecessor-version":[{"id":51166,"href":"https:\/\/colimdo.org\/wp-api\/wp\/v2\/posts\/51164\/revisions\/51166"}],"wp:featuredmedia":[{"embeddable":true,"href":"https:\/\/colimdo.org\/wp-api\/wp\/v2\/media\/51165"}],"wp:attachment":[{"href":"https:\/\/colimdo.org\/wp-api\/wp\/v2\/media?parent=51164"}],"wp:term":[{"taxonomy":"category","embeddable":true,"href":"https:\/\/colimdo.org\/wp-api\/wp\/v2\/categories?post=51164"},{"taxonomy":"post_tag","embeddable":true,"href":"https:\/\/colimdo.org\/wp-api\/wp\/v2\/tags?post=51164"}],"curies":[{"name":"wp","href":"https:\/\/api.w.org\/{rel}","templated":true}]}}