{"id":51167,"date":"2019-04-04T22:34:30","date_gmt":"2019-04-04T22:34:30","guid":{"rendered":"https:\/\/colimdo.org\/?p=51167"},"modified":"2019-04-04T22:34:37","modified_gmt":"2019-04-04T22:34:37","slug":"la-barranquita-acogera-este-sabado-prueba-regional-atletismo","status":"publish","type":"post","link":"https:\/\/colimdo.org\/noticias\/la-barranquita-acogera-este-sabado-prueba-regional-atletismo\/","title":{"rendered":"La Barranquita acoger\u00e1 este s\u00e1bado prueba regional atletismo"},"content":{"rendered":"<p><strong>SANTIAGO.<\/strong> La Federaci\u00f3n Dominicana de Asociaciones de Atletismo celebrar\u00e1 este\u00a0s\u00e1bado el Torneo Regional de Atletismo con edades Escolares con la participaci\u00f3n de algo m\u00e1s de 250 atletas en la Pista de Atletismo de La Barranquita, de aqu\u00ed.<\/p>\n<p><span style=\"font-style: inherit; font-weight: inherit;\">La informaci\u00f3n la dio a conocer el presidente de la<\/span><span style=\"font-style: inherit; font-weight: inherit;\">\u00a0\u00a0<\/span><span style=\"font-style: inherit; font-weight: inherit;\">Federaci\u00f3n de Atletismo, el exatleta ol\u00edmpico, licenciado Gerardo Suero Correa, quien afirm\u00f3 que la prueba atl\u00e9tica contar\u00e1 con el respaldo del Ministerio de Deportes y\u00a0los dividendos\u00a0<\/span><span style=\"font-style: inherit; font-weight: inherit;\">ol\u00edmpicos<\/span><span style=\"font-style: inherit; font-weight: inherit;\">\u00a0de la Federaci\u00f3n Internacional de Atletismo (IAAF)<\/span>.<br \/>\n<span style=\"font-style: inherit; font-weight: inherit;\">El coordinador de la actividad ser\u00e1 El\u00edas P\u00e9rez, presidente de la Asociaci\u00f3n de Atletismo de Santiago.<\/span><\/p>\n<p>Correa inform\u00f3 que, desde las 9:00 de la ma\u00f1ana, competir\u00e1n los atletas con Edades Escolares de las diferentes Regionales de Educaci\u00f3n en las modalidades de 100, 200, 400, 800 y 1,500 metros, as\u00ed como el impulso de la bala y la jabalina.<\/p>\n<p>Manifest\u00f3 que tomar\u00e1n parte atletas en las edades U-16 y U-17,\u00a0\u00a0de Santiago, Mao, Valverde, Santiago Rodr\u00edguez, Dajab\u00f3n, Puerto Plata y Montecristi.<\/p>\n<p>&#8220;Se vivir\u00e1n muchos momentos de emoci\u00f3n en esas competencias de Atletismo con edades Escolares, donde observaremos los talentos de las diferentes provincias&#8221;, exclam\u00f3 Suero Correa.<\/p>\n<p>Indic\u00f3 que tambi\u00e9n participaran atletas superiores que buscaran marcas para el Nacional Superior que se celebrar\u00e1 en una fecha por definir.<\/p>\n","protected":false},"excerpt":{"rendered":"<p>El certamen, organizado por la Federaci\u00f3n Dominicana de Atletismo, comenzar\u00e1 a las 9:00 de la ma\u00f1ana con la participaci\u00f3n de unos 250 competidores.<\/p>\n","protected":false},"author":13,"featured_media":51168,"comment_status":"closed","ping_status":"closed","sticky":false,"template":"","format":"standard","meta":[],"categories":[2,60],"tags":[],"acf":[],"_links":{"self":[{"href":"https:\/\/colimdo.org\/wp-api\/wp\/v2\/posts\/51167"}],"collection":[{"href":"https:\/\/colimdo.org\/wp-api\/wp\/v2\/posts"}],"about":[{"href":"https:\/\/colimdo.org\/wp-api\/wp\/v2\/types\/post"}],"author":[{"embeddable":true,"href":"https:\/\/colimdo.org\/wp-api\/wp\/v2\/users\/13"}],"replies":[{"embeddable":true,"href":"https:\/\/colimdo.org\/wp-api\/wp\/v2\/comments?post=51167"}],"version-history":[{"count":1,"href":"https:\/\/colimdo.org\/wp-api\/wp\/v2\/posts\/51167\/revisions"}],"predecessor-version":[{"id":51169,"href":"https:\/\/colimdo.org\/wp-api\/wp\/v2\/posts\/51167\/revisions\/51169"}],"wp:featuredmedia":[{"embeddable":true,"href":"https:\/\/colimdo.org\/wp-api\/wp\/v2\/media\/51168"}],"wp:attachment":[{"href":"https:\/\/colimdo.org\/wp-api\/wp\/v2\/media?parent=51167"}],"wp:term":[{"taxonomy":"category","embeddable":true,"href":"https:\/\/colimdo.org\/wp-api\/wp\/v2\/categories?post=51167"},{"taxonomy":"post_tag","embeddable":true,"href":"https:\/\/colimdo.org\/wp-api\/wp\/v2\/tags?post=51167"}],"curies":[{"name":"wp","href":"https:\/\/api.w.org\/{rel}","templated":true}]}}