{"id":51205,"date":"2019-04-05T16:33:31","date_gmt":"2019-04-05T16:33:31","guid":{"rendered":"https:\/\/colimdo.org\/?p=51205"},"modified":"2019-04-06T19:08:19","modified_gmt":"2019-04-06T19:08:19","slug":"jose-bebo-hernandez-avanza-semifinal-challenguer-alicante","status":"publish","type":"post","link":"https:\/\/colimdo.org\/noticias\/jose-bebo-hernandez-avanza-semifinal-challenguer-alicante\/","title":{"rendered":"Jos\u00e9 &#8220;Bebo&#8221; Hern\u00e1ndez avanza a semifinal en Challenger de Alicante"},"content":{"rendered":"<p>SANTO DOMINGO. Hanly Ram\u00edrez. El tenista dominicano Jos\u00e9 \u201cBebo\u201d Hern\u00e1ndez super\u00f3 este viernes en tres sets al portugu\u00e9s Pedro Souza y de esta manera avanz\u00f3 a las semifinales del Challenger ATP, que se celebra en Alicante, Espa\u00f1a.<\/p>\n<p>Hern\u00e1ndez, miembro de la selecci\u00f3n nacional de tenis y actual n\u00famero 277 de la clasificaci\u00f3n mundial de ATP, super\u00f3 a Sousa (103 del mismo ranking) quien era favorito para lograr la victoria, por parciales 4-6, 7-6 (11-9), 6-4.<\/p>\n<p>El tenista quisqueyano intentar\u00e1 continuar su paso hasta la final del torneo en suelo espa\u00f1ol, cuando este s\u00e1bado se enfrenta al local Pedro Mart\u00ednez Portero , quien ocupa el lugar 151 del organismo rector del tenis mundial y quien avanz\u00f3 hasta las semifinales al derrotar al su compatriota Mario Vilella Mart\u00ednez por 6-3 y 4-3.<\/p>\n<p>En el torneo Bebo ha demostrado una gran capacidad para reponerse y salir con la victoria, ya que en tres de los cuatro partidos que ha disputado ha perdido el primer set, teniendo que remontar para poder ganar.<\/p>\n","protected":false},"excerpt":{"rendered":"<p>Hern\u00e1ndez jugar\u00e1 por su pase a la final, este s\u00e1bado ante el espa\u00f1ol Pedro Mart\u00ednez Portero.<\/p>\n","protected":false},"author":16,"featured_media":51206,"comment_status":"closed","ping_status":"closed","sticky":false,"template":"","format":"standard","meta":[],"categories":[2,60],"tags":[],"acf":[],"_links":{"self":[{"href":"https:\/\/colimdo.org\/wp-api\/wp\/v2\/posts\/51205"}],"collection":[{"href":"https:\/\/colimdo.org\/wp-api\/wp\/v2\/posts"}],"about":[{"href":"https:\/\/colimdo.org\/wp-api\/wp\/v2\/types\/post"}],"author":[{"embeddable":true,"href":"https:\/\/colimdo.org\/wp-api\/wp\/v2\/users\/16"}],"replies":[{"embeddable":true,"href":"https:\/\/colimdo.org\/wp-api\/wp\/v2\/comments?post=51205"}],"version-history":[{"count":4,"href":"https:\/\/colimdo.org\/wp-api\/wp\/v2\/posts\/51205\/revisions"}],"predecessor-version":[{"id":51292,"href":"https:\/\/colimdo.org\/wp-api\/wp\/v2\/posts\/51205\/revisions\/51292"}],"wp:featuredmedia":[{"embeddable":true,"href":"https:\/\/colimdo.org\/wp-api\/wp\/v2\/media\/51206"}],"wp:attachment":[{"href":"https:\/\/colimdo.org\/wp-api\/wp\/v2\/media?parent=51205"}],"wp:term":[{"taxonomy":"category","embeddable":true,"href":"https:\/\/colimdo.org\/wp-api\/wp\/v2\/categories?post=51205"},{"taxonomy":"post_tag","embeddable":true,"href":"https:\/\/colimdo.org\/wp-api\/wp\/v2\/tags?post=51205"}],"curies":[{"name":"wp","href":"https:\/\/api.w.org\/{rel}","templated":true}]}}