{"id":51219,"date":"2019-04-05T18:41:35","date_gmt":"2019-04-05T18:41:35","guid":{"rendered":"https:\/\/colimdo.org\/?p=51219"},"modified":"2019-04-05T18:41:35","modified_gmt":"2019-04-05T18:41:35","slug":"acd-reconocera-balonmano-premiacion-atleta-del-ano","status":"publish","type":"post","link":"https:\/\/colimdo.org\/noticias\/acd-reconocera-balonmano-premiacion-atleta-del-ano\/","title":{"rendered":"ACD reconocer\u00e1 a Balonmano durante premiaci\u00f3n Atleta del A\u00f1o"},"content":{"rendered":"<p style=\"font-weight: 400;\">SANTO DOMINGO.- La Asociaci\u00f3n de Cronistas Deportivos (ACD) anunci\u00f3 esta semana la realizaci\u00f3n de varios reconocimientos al m\u00e9rito, en el marco de su tradicional gala de premiaci\u00f3n \u2018Atleta del A\u00f1o\u2019, cuya versi\u00f3n para reconocer a lo mejor de 2018, est\u00e1 programada para el 25 de abril a partir de las 7:00 de la noche, en el hotel Lina Barcel\u00f3.<\/p>\n<p style=\"font-weight: 400;\">Entre las destacadas figuras e instituciones deportivas meritorias a ser reconocidas durante la gala, figuran la Federaci\u00f3n Dominicana de Balonmano, la franquicia de b\u00e9isbol Estrellas Orientales, actual campe\u00f3n de la pelota oto\u00f1o-invernal; as\u00ed como el doctor Carlos Lamarche, seg\u00fan inform\u00f3 el periodista Ram\u00f3n Cuello, presidente de la ACD, por medio de un despacho de prensa.<\/p>\n<p style=\"font-weight: 400;\">La gala \u2018Atleta del A\u00f1o\u2019 de la ACD cuenta con el respaldo del Ministerio de Deportes, Cervecer\u00eda Nacional Dominicana, \u00a0Banco de Reservas, Corporaci\u00f3n de Acueducto y Alcantarillado de Santo Domingo (CAASD), Instituto Nacional de Aguas Potables (INAPA), Logomarca y el Ayuntamiento del Distrito Nacional.<\/p>\n<p style=\"font-weight: 400;\">Cuello revel\u00f3 que el ceremonial contar\u00e1 con una cena de gala, a la que han sido debidamente invitados atletas, federados, dirigentes y las principales autoridades deportivas del pa\u00eds.<\/p>\n<p style=\"font-weight: 400;\">Inform\u00f3 que en la actualidad, la ACD se encuentra inmersa en el proceso de escogencia de los 10 mejores deportistas del pasado a\u00f1o, de los cuales saldr\u00e1 electo el m\u00e1s brillante atleta 2018.<\/p>\n","protected":false},"excerpt":{"rendered":"<p>SANTO DOMINGO.- La Asociaci\u00f3n de Cronistas Deportivos (ACD) anunci\u00f3 esta semana la realizaci\u00f3n de varios reconocimientos al m\u00e9rito, en el marco de su tradicional gala de premiaci\u00f3n \u2018Atleta del A\u00f1o\u2019, cuya versi\u00f3n para reconocer a lo mejor de 2018, est\u00e1 programada para el 25 de abril a partir de las 7:00 de la noche, en [&hellip;]<\/p>\n","protected":false},"author":9,"featured_media":51220,"comment_status":"closed","ping_status":"closed","sticky":false,"template":"","format":"standard","meta":[],"categories":[2,60],"tags":[],"acf":[],"_links":{"self":[{"href":"https:\/\/colimdo.org\/wp-api\/wp\/v2\/posts\/51219"}],"collection":[{"href":"https:\/\/colimdo.org\/wp-api\/wp\/v2\/posts"}],"about":[{"href":"https:\/\/colimdo.org\/wp-api\/wp\/v2\/types\/post"}],"author":[{"embeddable":true,"href":"https:\/\/colimdo.org\/wp-api\/wp\/v2\/users\/9"}],"replies":[{"embeddable":true,"href":"https:\/\/colimdo.org\/wp-api\/wp\/v2\/comments?post=51219"}],"version-history":[{"count":1,"href":"https:\/\/colimdo.org\/wp-api\/wp\/v2\/posts\/51219\/revisions"}],"predecessor-version":[{"id":51221,"href":"https:\/\/colimdo.org\/wp-api\/wp\/v2\/posts\/51219\/revisions\/51221"}],"wp:featuredmedia":[{"embeddable":true,"href":"https:\/\/colimdo.org\/wp-api\/wp\/v2\/media\/51220"}],"wp:attachment":[{"href":"https:\/\/colimdo.org\/wp-api\/wp\/v2\/media?parent=51219"}],"wp:term":[{"taxonomy":"category","embeddable":true,"href":"https:\/\/colimdo.org\/wp-api\/wp\/v2\/categories?post=51219"},{"taxonomy":"post_tag","embeddable":true,"href":"https:\/\/colimdo.org\/wp-api\/wp\/v2\/tags?post=51219"}],"curies":[{"name":"wp","href":"https:\/\/api.w.org\/{rel}","templated":true}]}}