{"id":51251,"date":"2019-04-06T03:08:22","date_gmt":"2019-04-06T03:08:22","guid":{"rendered":"https:\/\/colimdo.org\/?p=51251"},"modified":"2019-04-06T03:08:22","modified_gmt":"2019-04-06T03:08:22","slug":"joel-garcia-logra-bronce-panam-mountain-bike-mexico","status":"publish","type":"post","link":"https:\/\/colimdo.org\/noticias\/joel-garcia-logra-bronce-panam-mountain-bike-mexico\/","title":{"rendered":"Joel Garc\u00eda logra bronce  En Panam Mountain bike en M\u00e9xico"},"content":{"rendered":"<p><span lang=\"ES-DO\">Santo Domingo.\u00a0<\/span><span lang=\"ES-DO\">El pedalista Joel Garc\u00eda conquist\u00f3 este viernes la presea de bronce en la modalidad Eliminater correspondiente a la versi\u00f3n XXIII del Campeonato Panamericano de Mountain Bike, evento que se efect\u00faa en la ciudad de Aguascalientes, M\u00e9xico.<\/span><\/p>\n<p><span lang=\"ES-DO\">Garc\u00eda, un brillante exponente del mountain bike y el ciclismo de ruta en el pa\u00eds se emple\u00f3 bien a fondo para conseguir el tercer puesto en el certamen, que otorga puntos para los Juegos Ol\u00edmpicos a efectuarse en Tokio en el 2020.<\/span><\/p>\n<p><span lang=\"ES-DO\">Con su presea , el quisqueyano se convirti\u00f3 en el primer atleta masculino que logra subir al p\u00f3dium en una justa panamericana de mountain bike.<\/span><\/p>\n<p><span lang=\"ES-DO\">\u00a0El joven qued\u00f3 detr\u00e1s de John Garzon, de Colombia,\u00a0\u00a0y Emilio Azcona, de M\u00e9xico. Se convirti\u00f3 en el \u00fanico quisqueyano que qued\u00f3 clasificados al menos entre los primeros 28 pedalistas que compitieron en la prueba.<\/span><\/p>\n<p><span lang=\"ES-DO\">Garc\u00eda est\u00e1 programado para participar en la prueba Cross Country, en la cual se esforzar\u00e1 por una vez m\u00e1s intentar subir al p\u00f3dium.<\/span><\/p>\n<p><span lang=\"ES-DO\">Jorge Blas D\u00edaz, presidente de la Federaci\u00f3n Dominicana de Ciclismo, destac\u00f3 las cualidades de Garc\u00eda y resalt\u00f3 la conquista de esta presea para el pa\u00eds, hecho que representa un gran reflejo del crecimiento del mountain bike en los \u00faltimos a\u00f1os.<\/span><\/p>\n<p><span lang=\"ES-DO\">En el Panam de Aguscalientes participan, adem\u00e1s de Dominicana, naciones como M\u00e9xico, Colombia, Chile, Argentina, Ecuador, Venezuela, Costa Rica entre otros.<\/span><\/p>\n<p><span lang=\"ES-DO\">Adem\u00e1s, de Garc\u00eda, el equipo dominicano est\u00e1 conformado por Mois\u00e9s Selman, Juan Tapia, mientras que Gabriella Tejeda y Ruth Santana figuran en el femenino. Gabriel Moureau es el entrenador y Robinson Taveras el mec\u00e1nico.<\/span><\/p>\n","protected":false},"excerpt":{"rendered":"<p>Garc\u00eda, un brillante exponente del mountain bike y el ciclismo de ruta en el pa\u00eds se emple\u00f3 bien a fondo para conseguir el tercer puesto en el certamen, que otorga puntos para los Juegos Ol\u00edmpicos a efectuarse en Tokio en el 2020.<\/p>\n","protected":false},"author":16,"featured_media":51252,"comment_status":"closed","ping_status":"closed","sticky":false,"template":"","format":"standard","meta":[],"categories":[2,60],"tags":[],"acf":[],"_links":{"self":[{"href":"https:\/\/colimdo.org\/wp-api\/wp\/v2\/posts\/51251"}],"collection":[{"href":"https:\/\/colimdo.org\/wp-api\/wp\/v2\/posts"}],"about":[{"href":"https:\/\/colimdo.org\/wp-api\/wp\/v2\/types\/post"}],"author":[{"embeddable":true,"href":"https:\/\/colimdo.org\/wp-api\/wp\/v2\/users\/16"}],"replies":[{"embeddable":true,"href":"https:\/\/colimdo.org\/wp-api\/wp\/v2\/comments?post=51251"}],"version-history":[{"count":1,"href":"https:\/\/colimdo.org\/wp-api\/wp\/v2\/posts\/51251\/revisions"}],"predecessor-version":[{"id":51253,"href":"https:\/\/colimdo.org\/wp-api\/wp\/v2\/posts\/51251\/revisions\/51253"}],"wp:featuredmedia":[{"embeddable":true,"href":"https:\/\/colimdo.org\/wp-api\/wp\/v2\/media\/51252"}],"wp:attachment":[{"href":"https:\/\/colimdo.org\/wp-api\/wp\/v2\/media?parent=51251"}],"wp:term":[{"taxonomy":"category","embeddable":true,"href":"https:\/\/colimdo.org\/wp-api\/wp\/v2\/categories?post=51251"},{"taxonomy":"post_tag","embeddable":true,"href":"https:\/\/colimdo.org\/wp-api\/wp\/v2\/tags?post=51251"}],"curies":[{"name":"wp","href":"https:\/\/api.w.org\/{rel}","templated":true}]}}